{"id":3015,"date":"2024-02-03T17:45:44","date_gmt":"2024-02-03T17:45:44","guid":{"rendered":"https:\/\/parafiawegliniec.pl\/?p=3015"},"modified":"2024-02-03T18:19:24","modified_gmt":"2024-02-03T18:19:24","slug":"swiatowy-dzien-chorego-niedziela-11-02-2024","status":"publish","type":"post","link":"https:\/\/parafiawegliniec.pl\/?p=3015","title":{"rendered":"\u015awiatowy Dzie\u0144 Chorego &#8211; Niedziela, 11.02.2024"},"content":{"rendered":"\n<p><strong>Zbli\u017ca si\u0119 \u015awiatowy Dzie\u0144 Chorego, kt\u00f3ry w tym roku obchodzi\u0107 b\u0119dziemy w niedziel\u0119 11 lutego \u2013 Dzie\u0144 Matki Boskiej z Lourdes. Z tej te\u017c okazji serdecznie zapraszamy na specjaln\u0105 Msz\u0119 \u015bw. w ko\u015bciele kolejowym o godz. 12:00<\/strong> <strong>z udzieleniem sakramentu namaszczenia chorych wszystkich chorych. <\/strong><\/p>\n\n\n\n<p>Zwracamy si\u0119 z apelem do rodzin, dobrych s\u0105siad\u00f3w os\u00f3b, kt\u00f3re ze wzgl\u0119du na stan zdrowia uwi\u0119zione s\u0105 w swoich mieszkaniach, aby zmobilizowali si\u0119, by dopom\u00f3c chorym przyby\u0107 na t\u0119 szczeg\u00f3ln\u0105 dla nich Eucharysti\u0119, po\u0142\u0105czon\u0105 z udzieleniem sakramentu Namaszczenia Chorych. <\/p>\n\n\n\n<p>Niech nasze wsp\u00f3lne zaanga\u017cowanie na rzecz os\u00f3b chorych b\u0119dzie dniem solidarno\u015bci\u0105 z cierpi\u0105c\u0105 cz\u0105stk\u0105 Ko\u015bcio\u0142a, kt\u00f3ra jak s\u0142yszeli\u015bmy w homilii jest wyj\u0105tkowo uprzywilejowana przed Bogiem.<\/p>\n","protected":false},"excerpt":{"rendered":"<p>Zbli\u017ca si\u0119 \u015awiatowy Dzie\u0144 Chorego, kt\u00f3ry w tym roku obchodzi\u0107 b\u0119dziemy w niedziel\u0119 11 lutego \u2013 Dzie\u0144 Matki Boskiej z Lourdes. Z tej te\u017c okazji serdecznie zapraszamy na specjaln\u0105 Msz\u0119 \u015bw. w ko\u015bciele kolejowym o godz. 12:00 z udzieleniem sakramentu namaszczenia chorych wszystkich chorych. Zwracamy si\u0119 z apelem do rodzin, dobrych s\u0105siad\u00f3w os\u00f3b, kt\u00f3re ze [&hellip;]<\/p>\n","protected":false},"author":1,"featured_media":3018,"comment_status":"closed","ping_status":"open","sticky":false,"template":"","format":"standard","meta":[],"categories":[12,1],"tags":[],"_links":{"self":[{"href":"https:\/\/parafiawegliniec.pl\/index.php?rest_route=\/wp\/v2\/posts\/3015"}],"collection":[{"href":"https:\/\/parafiawegliniec.pl\/index.php?rest_route=\/wp\/v2\/posts"}],"about":[{"href":"https:\/\/parafiawegliniec.pl\/index.php?rest_route=\/wp\/v2\/types\/post"}],"author":[{"embeddable":true,"href":"https:\/\/parafiawegliniec.pl\/index.php?rest_route=\/wp\/v2\/users\/1"}],"replies":[{"embeddable":true,"href":"https:\/\/parafiawegliniec.pl\/index.php?rest_route=%2Fwp%2Fv2%2Fcomments&post=3015"}],"version-history":[{"count":2,"href":"https:\/\/parafiawegliniec.pl\/index.php?rest_route=\/wp\/v2\/posts\/3015\/revisions"}],"predecessor-version":[{"id":3022,"href":"https:\/\/parafiawegliniec.pl\/index.php?rest_route=\/wp\/v2\/posts\/3015\/revisions\/3022"}],"wp:featuredmedia":[{"embeddable":true,"href":"https:\/\/parafiawegliniec.pl\/index.php?rest_route=\/wp\/v2\/media\/3018"}],"wp:attachment":[{"href":"https:\/\/parafiawegliniec.pl\/index.php?rest_route=%2Fwp%2Fv2%2Fmedia&parent=3015"}],"wp:term":[{"taxonomy":"category","embeddable":true,"href":"https:\/\/parafiawegliniec.pl\/index.php?rest_route=%2Fwp%2Fv2%2Fcategories&post=3015"},{"taxonomy":"post_tag","embeddable":true,"href":"https:\/\/parafiawegliniec.pl\/index.php?rest_route=%2Fwp%2Fv2%2Ftags&post=3015"}],"curies":[{"name":"wp","href":"https:\/\/api.w.org\/{rel}","templated":true}]}}