{"id":3028,"date":"2024-02-11T12:26:59","date_gmt":"2024-02-11T12:26:59","guid":{"rendered":"https:\/\/parafiawegliniec.pl\/?p=3028"},"modified":"2024-02-11T12:28:30","modified_gmt":"2024-02-11T12:28:30","slug":"wielki-post-sroda-popielcowa","status":"publish","type":"post","link":"https:\/\/parafiawegliniec.pl\/?p=3028","title":{"rendered":"Wielki Post &#8211; \u015aroda Popielcowa"},"content":{"rendered":"\n<p><strong>Najbli\u017csza \u015broda, 14 lutego b\u0119dzie Popielcow\u0105, od kt\u00f3rej rozpoczynamy we wsp\u00f3lnocie Ko\u015bcio\u0142a czas Wielkiego Postu. <\/strong><\/p>\n\n\n\n<p><strong>Msze \u015bw. w \u015arod\u0119 Popielic\u0105 o godz. 9:00 oraz 18:00.<\/strong> Podczas ka\u017cdej Eucharystii na znak pokuty i rozpoczynaj\u0105cego si\u0119 czasu Wielkiego Postu przyjmiemy obrz\u0119d posypania g\u0142owy popio\u0142em. Przypominamy, \u017ce \u015aroda Popielcowa jest dniem postu \u015bcis\u0142ego. Niech posypanie g\u0142owy popio\u0142em na znak pokuty pomaga nam owocnie prze\u017cy\u0107 czas przygotowania do Wielkanocy.<\/p>\n\n\n\n<p>W czasie Wielkiego Postu serdecznie zapraszamy na Nabo\u017ce\u0144stwa Wielkopostne. <strong>Nabo\u017ce\u0144stwa Drogi Krzy\u017cowej ka\u017cdego pi\u0105tku o godz. 17:30; nabo\u017ce\u0144stwa Gorzkich \u017bali ka\u017cdej niedzieli o godz. 17:30.<\/strong><\/p>\n","protected":false},"excerpt":{"rendered":"<p>Najbli\u017csza \u015broda, 14 lutego b\u0119dzie Popielcow\u0105, od kt\u00f3rej rozpoczynamy we wsp\u00f3lnocie Ko\u015bcio\u0142a czas Wielkiego Postu. Msze \u015bw. w \u015arod\u0119 Popielic\u0105 o godz. 9:00 oraz 18:00. Podczas ka\u017cdej Eucharystii na znak pokuty i rozpoczynaj\u0105cego si\u0119 czasu Wielkiego Postu przyjmiemy obrz\u0119d posypania g\u0142owy popio\u0142em. Przypominamy, \u017ce \u015aroda Popielcowa jest dniem postu \u015bcis\u0142ego. Niech posypanie g\u0142owy popio\u0142em na [&hellip;]<\/p>\n","protected":false},"author":1,"featured_media":2730,"comment_status":"closed","ping_status":"open","sticky":false,"template":"","format":"standard","meta":[],"categories":[12],"tags":[],"_links":{"self":[{"href":"https:\/\/parafiawegliniec.pl\/index.php?rest_route=\/wp\/v2\/posts\/3028"}],"collection":[{"href":"https:\/\/parafiawegliniec.pl\/index.php?rest_route=\/wp\/v2\/posts"}],"about":[{"href":"https:\/\/parafiawegliniec.pl\/index.php?rest_route=\/wp\/v2\/types\/post"}],"author":[{"embeddable":true,"href":"https:\/\/parafiawegliniec.pl\/index.php?rest_route=\/wp\/v2\/users\/1"}],"replies":[{"embeddable":true,"href":"https:\/\/parafiawegliniec.pl\/index.php?rest_route=%2Fwp%2Fv2%2Fcomments&post=3028"}],"version-history":[{"count":2,"href":"https:\/\/parafiawegliniec.pl\/index.php?rest_route=\/wp\/v2\/posts\/3028\/revisions"}],"predecessor-version":[{"id":3030,"href":"https:\/\/parafiawegliniec.pl\/index.php?rest_route=\/wp\/v2\/posts\/3028\/revisions\/3030"}],"wp:featuredmedia":[{"embeddable":true,"href":"https:\/\/parafiawegliniec.pl\/index.php?rest_route=\/wp\/v2\/media\/2730"}],"wp:attachment":[{"href":"https:\/\/parafiawegliniec.pl\/index.php?rest_route=%2Fwp%2Fv2%2Fmedia&parent=3028"}],"wp:term":[{"taxonomy":"category","embeddable":true,"href":"https:\/\/parafiawegliniec.pl\/index.php?rest_route=%2Fwp%2Fv2%2Fcategories&post=3028"},{"taxonomy":"post_tag","embeddable":true,"href":"https:\/\/parafiawegliniec.pl\/index.php?rest_route=%2Fwp%2Fv2%2Ftags&post=3028"}],"curies":[{"name":"wp","href":"https:\/\/api.w.org\/{rel}","templated":true}]}}