{"id":3050,"date":"2024-03-02T19:03:03","date_gmt":"2024-03-02T19:03:03","guid":{"rendered":"https:\/\/parafiawegliniec.pl\/?p=3050"},"modified":"2024-03-09T20:03:21","modified_gmt":"2024-03-09T20:03:21","slug":"rekolekcje-wielkopostne-3","status":"publish","type":"post","link":"https:\/\/parafiawegliniec.pl\/?p=3050","title":{"rendered":"Rekolekcje Wielkopostne &#8211; program"},"content":{"rendered":"\n<p><strong>W dniach od 18 do 20 marca, to jest w poniedzia\u0142ek, wtorek i \u015brod\u0119, prze\u017cywa\u0107 b\u0119dziemy w naszej wsp\u00f3lnocie parafialnej rekolekcje wielkopostne. <\/strong><\/p>\n\n\n\n<p><strong><a href=\"http:\/\/parafiawegliniec.pl\/wp-content\/uploads\/2024\/03\/Program-rekolekcji-wegliniec-1.pdf\" data-type=\"URL\" target=\"_blank\" rel=\"noreferrer noopener\">PROGRAM DO POBRANIA &#8211; (KLIKNIJ)<\/a><\/strong><\/p>\n\n\n\n<p>Naszym rekolekcjom w tym roku przewodniczy\u0107 b\u0119dzie<strong> ks. ppor. mgr lic. S\u0142awomir D\u0119bowiak, <\/strong>pos\u0142uguj\u0105cy obecnie duszpastersko w Kamiennej G\u00f3rze. Ju\u017c dzi\u015b dzi\u0119kujemy, \u017ce z rado\u015bci\u0105 przyj\u0105\u0142 nasze zaproszenie i podj\u0105\u0142 si\u0119 tego nie\u0142atwego zadania.<\/p>\n\n\n\n<p><strong>Ka\u017cdego dnia nauki dla doros\u0142ych o godz. 9:00 i 18:00.<\/strong> <\/p>\n\n\n\n<p>W poniedzia\u0142ek 18 marca o godz. 16:30 specjalne spotkanie z dzie\u0107mi i rodzicami przygotowuj\u0105cymi si\u0119 do pierwszej Komunii \u015bw. <\/p>\n\n\n\n<p><strong>We wtorkowe popo\u0142udnie o godz. 17.00 rekolekcyjna Droga Krzy\u017cowa.<\/strong><\/p>\n\n\n\n<p>W <strong>\u015brod\u0119 dzie\u0144 Spowiedzi<\/strong> \u015bw. rekolekcyjnej: od godz. 8:30 do 9:15 <strong>poranna Spowied\u017a \u015bw<\/strong>., a od godz. 16:00 do 18:00 <strong>popo\u0142udniowa spowied\u017a \u015bw<\/strong>. rekolekcyjna. B\u0119dziemy go\u015bci\u0107 kap\u0142an\u00f3w \u2013 spowiednik\u00f3w z naszego dekanatu. <\/p>\n\n\n\n<p>W \u015brod\u0119, na zako\u0144czenie rekolekcji udzielenie \u0142aski odpustu zupe\u0142nego wszystkim uczestnikom rekolekcji wielkopostnych. Ju\u017c dzi\u015b do udzia\u0142u z serca zapraszamy!<\/p>\n","protected":false},"excerpt":{"rendered":"<p>W dniach od 18 do 20 marca, to jest w poniedzia\u0142ek, wtorek i \u015brod\u0119, prze\u017cywa\u0107 b\u0119dziemy w naszej wsp\u00f3lnocie parafialnej rekolekcje wielkopostne. PROGRAM DO POBRANIA &#8211; (KLIKNIJ) Naszym rekolekcjom w tym roku przewodniczy\u0107 b\u0119dzie ks. ppor. mgr lic. S\u0142awomir D\u0119bowiak, pos\u0142uguj\u0105cy obecnie duszpastersko w Kamiennej G\u00f3rze. Ju\u017c dzi\u015b dzi\u0119kujemy, \u017ce z rado\u015bci\u0105 przyj\u0105\u0142 nasze zaproszenie [&hellip;]<\/p>\n","protected":false},"author":1,"featured_media":3051,"comment_status":"closed","ping_status":"open","sticky":false,"template":"","format":"standard","meta":[],"categories":[12],"tags":[],"_links":{"self":[{"href":"https:\/\/parafiawegliniec.pl\/index.php?rest_route=\/wp\/v2\/posts\/3050"}],"collection":[{"href":"https:\/\/parafiawegliniec.pl\/index.php?rest_route=\/wp\/v2\/posts"}],"about":[{"href":"https:\/\/parafiawegliniec.pl\/index.php?rest_route=\/wp\/v2\/types\/post"}],"author":[{"embeddable":true,"href":"https:\/\/parafiawegliniec.pl\/index.php?rest_route=\/wp\/v2\/users\/1"}],"replies":[{"embeddable":true,"href":"https:\/\/parafiawegliniec.pl\/index.php?rest_route=%2Fwp%2Fv2%2Fcomments&post=3050"}],"version-history":[{"count":5,"href":"https:\/\/parafiawegliniec.pl\/index.php?rest_route=\/wp\/v2\/posts\/3050\/revisions"}],"predecessor-version":[{"id":3458,"href":"https:\/\/parafiawegliniec.pl\/index.php?rest_route=\/wp\/v2\/posts\/3050\/revisions\/3458"}],"wp:featuredmedia":[{"embeddable":true,"href":"https:\/\/parafiawegliniec.pl\/index.php?rest_route=\/wp\/v2\/media\/3051"}],"wp:attachment":[{"href":"https:\/\/parafiawegliniec.pl\/index.php?rest_route=%2Fwp%2Fv2%2Fmedia&parent=3050"}],"wp:term":[{"taxonomy":"category","embeddable":true,"href":"https:\/\/parafiawegliniec.pl\/index.php?rest_route=%2Fwp%2Fv2%2Fcategories&post=3050"},{"taxonomy":"post_tag","embeddable":true,"href":"https:\/\/parafiawegliniec.pl\/index.php?rest_route=%2Fwp%2Fv2%2Ftags&post=3050"}],"curies":[{"name":"wp","href":"https:\/\/api.w.org\/{rel}","templated":true}]}}