{"id":306,"date":"2017-05-18T20:25:02","date_gmt":"2017-05-18T20:25:02","guid":{"rendered":"http:\/\/parafiawegliniec.pl\/?p=306"},"modified":"2017-05-18T20:25:02","modified_gmt":"2017-05-18T20:25:02","slug":"i-komunia-swieta","status":"publish","type":"post","link":"https:\/\/parafiawegliniec.pl\/?p=306","title":{"rendered":"I Komunia \u015awi\u0119ta"},"content":{"rendered":"<p style=\"text-align: justify;\"><strong>W najbli\u017csz\u0105 Niedziel\u0119 b\u0119dziemy prze\u017cywa\u0107 w naszej Parafii uroczysto\u015b\u0107 podczas kt\u00f3rej, dzieci z klas III przyst\u0105pi\u0105 do I Komunii \u015awi\u0119tej.<\/strong> Uroczysta Msza \u015bw. dla tych dzieci, ich bliskich oraz go\u015bci zostanie odprawiona w <u><strong>ko\u015bciele kolejowym o godz.10.00.<\/strong><\/u><\/p>\n<p style=\"text-align: justify;\">Prosimy pozosta\u0142ych wiernych o skorzystanie z innej Mszy \u015bw. aby umo\u017cliwi\u0107 wszystkim osobom zaproszonym na t\u0119 uroczysto\u015b\u0107 swobodny udzia\u0142 w I Komunii \u015bw.<\/p>\n","protected":false},"excerpt":{"rendered":"<p>W najbli\u017csz\u0105 Niedziel\u0119 b\u0119dziemy prze\u017cywa\u0107 w naszej Parafii uroczysto\u015b\u0107 podczas kt\u00f3rej, dzieci z klas III przyst\u0105pi\u0105 do I Komunii \u015awi\u0119tej. Uroczysta Msza \u015bw. dla tych dzieci, ich bliskich oraz go\u015bci zostanie odprawiona w ko\u015bciele kolejowym o godz.10.00. Prosimy pozosta\u0142ych wiernych o skorzystanie z innej Mszy \u015bw. aby umo\u017cliwi\u0107 wszystkim osobom zaproszonym na t\u0119 uroczysto\u015b\u0107 swobodny [&hellip;]<\/p>\n","protected":false},"author":1,"featured_media":307,"comment_status":"closed","ping_status":"open","sticky":false,"template":"","format":"standard","meta":[],"categories":[3],"tags":[],"_links":{"self":[{"href":"https:\/\/parafiawegliniec.pl\/index.php?rest_route=\/wp\/v2\/posts\/306"}],"collection":[{"href":"https:\/\/parafiawegliniec.pl\/index.php?rest_route=\/wp\/v2\/posts"}],"about":[{"href":"https:\/\/parafiawegliniec.pl\/index.php?rest_route=\/wp\/v2\/types\/post"}],"author":[{"embeddable":true,"href":"https:\/\/parafiawegliniec.pl\/index.php?rest_route=\/wp\/v2\/users\/1"}],"replies":[{"embeddable":true,"href":"https:\/\/parafiawegliniec.pl\/index.php?rest_route=%2Fwp%2Fv2%2Fcomments&post=306"}],"version-history":[{"count":1,"href":"https:\/\/parafiawegliniec.pl\/index.php?rest_route=\/wp\/v2\/posts\/306\/revisions"}],"predecessor-version":[{"id":308,"href":"https:\/\/parafiawegliniec.pl\/index.php?rest_route=\/wp\/v2\/posts\/306\/revisions\/308"}],"wp:featuredmedia":[{"embeddable":true,"href":"https:\/\/parafiawegliniec.pl\/index.php?rest_route=\/wp\/v2\/media\/307"}],"wp:attachment":[{"href":"https:\/\/parafiawegliniec.pl\/index.php?rest_route=%2Fwp%2Fv2%2Fmedia&parent=306"}],"wp:term":[{"taxonomy":"category","embeddable":true,"href":"https:\/\/parafiawegliniec.pl\/index.php?rest_route=%2Fwp%2Fv2%2Fcategories&post=306"},{"taxonomy":"post_tag","embeddable":true,"href":"https:\/\/parafiawegliniec.pl\/index.php?rest_route=%2Fwp%2Fv2%2Ftags&post=306"}],"curies":[{"name":"wp","href":"https:\/\/api.w.org\/{rel}","templated":true}]}}