{"id":3077,"date":"2024-03-27T07:24:31","date_gmt":"2024-03-27T07:24:31","guid":{"rendered":"https:\/\/parafiawegliniec.pl\/?p=3077"},"modified":"2024-03-31T08:47:31","modified_gmt":"2024-03-31T08:47:31","slug":"triduum-paschalne-2","status":"publish","type":"post","link":"https:\/\/parafiawegliniec.pl\/?p=3077","title":{"rendered":"TRIDUUM PASCHALNE"},"content":{"rendered":"\n<p><strong>Ca\u0142e Triduum Paschalne b\u0119dziemy prze\u017cywali w ko\u015bciele \u201ekolejowym\u201d:<\/strong><\/p>\n\n\n\n<p><strong>WIELKI CZWARTEK<\/strong><\/p>\n\n\n\n<p><strong>Godz. 18.00 <\/strong><strong>\u2013 ko\u015bci\u00f3\u0142 kolejowy &#8211;<\/strong><strong> <\/strong><strong>Msza \u015bw. Wieczerzy Pa\u0144skiej<\/strong><\/p>\n\n\n\n<p>Po Mszy \u015bw. przeniesienie Naj\u015bwi\u0119tszego Sakramentu do kaplicy ciemnicy i mo\u017cliwo\u015b\u0107 <strong>adoracji do godz. 22:00<\/strong>. Dzi\u0119kujmy tego dnia Panu Jezusowi, \u017ce ustanowi\u0142 dla nas sakrament Eucharystii i kap\u0142a\u0144stwa, kt\u00f3re s\u0105 \u017cyciodajne dla wsp\u00f3lnoty Ko\u015bcio\u0142a.<\/p>\n\n\n\n<p><strong>WIELKI PI\u0104TEK<\/strong><\/p>\n\n\n\n<p><strong>Godz. 9.00 \u2013 17.00 <\/strong><strong>\u2013 ko\u015bci\u00f3\u0142 kolejowy &#8211;<\/strong><strong> &nbsp;<\/strong>adoracja Naj\u015bwi\u0119tszego Sakramentu<\/p>\n\n\n\n<p><strong>Godz. 18.00 <\/strong>\u2013 ko\u015bci\u00f3\u0142 kolejowy &#8211; <strong>Liturgia M\u0119ki Pa\u0144skiej&nbsp;<\/strong><strong><\/strong><\/p>\n\n\n\n<p>Po Liturgii M\u0119ki Pa\u0144skiej <strong>adoracja Naj\u015bwi\u0119tszego Sakramentu wyj\u0105tkowo do godz. 24:00<\/strong>. Przypominamy, \u017ce Wielki Pi\u0105tek to wyj\u0105tkowy dzie\u0144 postu \u015bcis\u0142ego.<\/p>\n\n\n\n<p><strong>WIELKA SOBOTA<\/strong><\/p>\n\n\n\n<p><strong>Godz. 9.00 \u2013 18.00 \u2013 ko\u015bci\u00f3\u0142 kolejowy<\/strong> &#8211; adoracja Naj\u015bwi\u0119tszego Sakramentu od godz. 9:00 do 18:00.<\/p>\n\n\n\n<p><strong>20<\/strong><strong>.<\/strong><strong>00<\/strong><strong> \u2013 ko\u015bci\u00f3\u0142 kolejowy &#8211; <\/strong><strong>&nbsp;Wigilia Paschalna Zmartwychwstania Pa\u0144skiego<\/strong><strong>, na kt\u00f3r\u0105 prosimy zabra\u0107 ze sob\u0105 \u015bwiece do odnowienia przyrzecze\u0144 chrzcielnych i po kt\u00f3rej wyjdziemy w procesji rezurekcyjnej wok\u00f3\u0142 ko\u015bcio\u0142a kolejowego.<\/strong><strong><\/strong><\/p>\n\n\n\n<p><strong>Po\u015bwi\u0119cenie pokarm\u00f3w<\/strong>&nbsp;r\u00f3wno co godzin\u0119 wed\u0142ug nast\u0119puj\u0105cego porz\u0105dku:<\/p>\n\n\n\n<p>10.00 \u2013 ko\u015bci\u00f3\u0142 parafialny<\/p>\n\n\n\n<p>11.00 \u2013 ko\u015bci\u00f3\u0142 kolejowy<\/p>\n\n\n\n<p>12.00 \u2013 ko\u015bci\u00f3\u0142 parafialny<\/p>\n\n\n\n<p>13.00 \u2013 ko\u015bci\u00f3\u0142 kolejowy<\/p>\n\n\n\n<p>Ofiary zbierane na tac\u0119 podczas po\u015bwi\u0119cenia pokarm\u00f3w przeznaczone b\u0119d\u0105 na wsparcie przygotowania projekt\u00f3w termomodernizacyjnych obiekt\u00f3w naszej parafii. B\u00f3g zap\u0142a\u0107 wszystkim za wsparcie!<\/p>\n\n\n\n<p><strong>W Niedziel\u0119 Zmartwychwstania Pa\u0144skiego\u00a0<\/strong>Msze \u015bw. w obu ko\u015bcio\u0142ach wed\u0142ug porz\u0105dku niedzielnego (8.00, 10.00, 18.00 &#8211; parafialny oraz 12.00 &#8211; kolejowy).<\/p>\n\n\n\n<p><strong>W Poniedzia\u0142ek w Oktawie Wielkanocnej\u00a0<\/strong>Msze \u015bw. w obu ko\u015bcio\u0142ach wed\u0142ug porz\u0105dku niedzielnego (8.00, 10.00, 18.00 &#8211; parafialny oraz 12.00 &#8211; kolejowy).<\/p>\n","protected":false},"excerpt":{"rendered":"<p>Ca\u0142e Triduum Paschalne b\u0119dziemy prze\u017cywali w ko\u015bciele \u201ekolejowym\u201d: WIELKI CZWARTEK Godz. 18.00 \u2013 ko\u015bci\u00f3\u0142 kolejowy &#8211; Msza \u015bw. Wieczerzy Pa\u0144skiej Po Mszy \u015bw. przeniesienie Naj\u015bwi\u0119tszego Sakramentu do kaplicy ciemnicy i mo\u017cliwo\u015b\u0107 adoracji do godz. 22:00. Dzi\u0119kujmy tego dnia Panu Jezusowi, \u017ce ustanowi\u0142 dla nas sakrament Eucharystii i kap\u0142a\u0144stwa, kt\u00f3re s\u0105 \u017cyciodajne dla wsp\u00f3lnoty Ko\u015bcio\u0142a. WIELKI [&hellip;]<\/p>\n","protected":false},"author":1,"featured_media":2769,"comment_status":"closed","ping_status":"open","sticky":false,"template":"","format":"standard","meta":[],"categories":[12],"tags":[],"_links":{"self":[{"href":"https:\/\/parafiawegliniec.pl\/index.php?rest_route=\/wp\/v2\/posts\/3077"}],"collection":[{"href":"https:\/\/parafiawegliniec.pl\/index.php?rest_route=\/wp\/v2\/posts"}],"about":[{"href":"https:\/\/parafiawegliniec.pl\/index.php?rest_route=\/wp\/v2\/types\/post"}],"author":[{"embeddable":true,"href":"https:\/\/parafiawegliniec.pl\/index.php?rest_route=\/wp\/v2\/users\/1"}],"replies":[{"embeddable":true,"href":"https:\/\/parafiawegliniec.pl\/index.php?rest_route=%2Fwp%2Fv2%2Fcomments&post=3077"}],"version-history":[{"count":3,"href":"https:\/\/parafiawegliniec.pl\/index.php?rest_route=\/wp\/v2\/posts\/3077\/revisions"}],"predecessor-version":[{"id":3095,"href":"https:\/\/parafiawegliniec.pl\/index.php?rest_route=\/wp\/v2\/posts\/3077\/revisions\/3095"}],"wp:featuredmedia":[{"embeddable":true,"href":"https:\/\/parafiawegliniec.pl\/index.php?rest_route=\/wp\/v2\/media\/2769"}],"wp:attachment":[{"href":"https:\/\/parafiawegliniec.pl\/index.php?rest_route=%2Fwp%2Fv2%2Fmedia&parent=3077"}],"wp:term":[{"taxonomy":"category","embeddable":true,"href":"https:\/\/parafiawegliniec.pl\/index.php?rest_route=%2Fwp%2Fv2%2Fcategories&post=3077"},{"taxonomy":"post_tag","embeddable":true,"href":"https:\/\/parafiawegliniec.pl\/index.php?rest_route=%2Fwp%2Fv2%2Ftags&post=3077"}],"curies":[{"name":"wp","href":"https:\/\/api.w.org\/{rel}","templated":true}]}}