{"id":3079,"date":"2024-03-27T07:41:05","date_gmt":"2024-03-27T07:41:05","guid":{"rendered":"https:\/\/parafiawegliniec.pl\/?p=3079"},"modified":"2024-03-27T07:41:05","modified_gmt":"2024-03-27T07:41:05","slug":"poswiecenie-pokarmow-na-stol-wielkanocny-2","status":"publish","type":"post","link":"https:\/\/parafiawegliniec.pl\/?p=3079","title":{"rendered":"Po\u015bwi\u0119cenie pokarm\u00f3w na st\u00f3\u0142 wielkanocny"},"content":{"rendered":"\n<p>W Wielk\u0105 Sobot\u0119 tradycyjnie odbywa si\u0119 b\u0142ogos\u0142awienie pokarm\u00f3w na st\u00f3\u0142 wielkanocny.<\/p>\n\n\n\n<p>Na\u00a0<strong>b\u0142ogos\u0142awie\u0144stwo pokarm\u00f3w<\/strong>\u00a0zapraszam do\u00a0<strong>ko\u015bcio\u0142a parafialnego na godzin\u0119 10:00 i 12:00.<\/strong><\/p>\n\n\n\n<p>B\u0142ogos\u0142awienie pokarm\u00f3w w\u00a0<strong>ko\u015bciele \u201ekolejowym\u201d o godzinie 11:00 i 13:00<\/strong>.<\/p>\n","protected":false},"excerpt":{"rendered":"<p>W Wielk\u0105 Sobot\u0119 tradycyjnie odbywa si\u0119 b\u0142ogos\u0142awienie pokarm\u00f3w na st\u00f3\u0142 wielkanocny. Na\u00a0b\u0142ogos\u0142awie\u0144stwo pokarm\u00f3w\u00a0zapraszam do\u00a0ko\u015bcio\u0142a parafialnego na godzin\u0119 10:00 i 12:00. B\u0142ogos\u0142awienie pokarm\u00f3w w\u00a0ko\u015bciele \u201ekolejowym\u201d o godzinie 11:00 i 13:00.<\/p>\n","protected":false},"author":1,"featured_media":3080,"comment_status":"closed","ping_status":"open","sticky":false,"template":"","format":"standard","meta":[],"categories":[12],"tags":[],"_links":{"self":[{"href":"https:\/\/parafiawegliniec.pl\/index.php?rest_route=\/wp\/v2\/posts\/3079"}],"collection":[{"href":"https:\/\/parafiawegliniec.pl\/index.php?rest_route=\/wp\/v2\/posts"}],"about":[{"href":"https:\/\/parafiawegliniec.pl\/index.php?rest_route=\/wp\/v2\/types\/post"}],"author":[{"embeddable":true,"href":"https:\/\/parafiawegliniec.pl\/index.php?rest_route=\/wp\/v2\/users\/1"}],"replies":[{"embeddable":true,"href":"https:\/\/parafiawegliniec.pl\/index.php?rest_route=%2Fwp%2Fv2%2Fcomments&post=3079"}],"version-history":[{"count":1,"href":"https:\/\/parafiawegliniec.pl\/index.php?rest_route=\/wp\/v2\/posts\/3079\/revisions"}],"predecessor-version":[{"id":3081,"href":"https:\/\/parafiawegliniec.pl\/index.php?rest_route=\/wp\/v2\/posts\/3079\/revisions\/3081"}],"wp:featuredmedia":[{"embeddable":true,"href":"https:\/\/parafiawegliniec.pl\/index.php?rest_route=\/wp\/v2\/media\/3080"}],"wp:attachment":[{"href":"https:\/\/parafiawegliniec.pl\/index.php?rest_route=%2Fwp%2Fv2%2Fmedia&parent=3079"}],"wp:term":[{"taxonomy":"category","embeddable":true,"href":"https:\/\/parafiawegliniec.pl\/index.php?rest_route=%2Fwp%2Fv2%2Fcategories&post=3079"},{"taxonomy":"post_tag","embeddable":true,"href":"https:\/\/parafiawegliniec.pl\/index.php?rest_route=%2Fwp%2Fv2%2Ftags&post=3079"}],"curies":[{"name":"wp","href":"https:\/\/api.w.org\/{rel}","templated":true}]}}