{"id":3084,"date":"2024-03-29T08:31:08","date_gmt":"2024-03-29T08:31:08","guid":{"rendered":"https:\/\/parafiawegliniec.pl\/?p=3084"},"modified":"2024-03-29T08:31:08","modified_gmt":"2024-03-29T08:31:08","slug":"msza-wieczerzy-panskiej-wielki-czwartek","status":"publish","type":"post","link":"https:\/\/parafiawegliniec.pl\/?p=3084","title":{"rendered":"Msza Wieczerzy Pa\u0144skiej &#8211; Wielki Czwartek"},"content":{"rendered":"\n<p><strong>W Wielki Czwartek, 28.03.2024, prze\u017cywali\u015bmy w naszej wsp\u00f3lnocie \u015bwi\u0119to ustanowienia sakrament\u00f3w Eucharystii i Kap\u0142a\u0144stwa.<\/strong> O godz. 18.00 w ko\u015bciele pw.\u00a0<em>Matki Bo\u017cej Kr\u00f3lowej Polski<\/em>\u00a0sprawowana by\u0142a Msza \u015bw. Wieczerzy Pa\u0144skiej pod przewodnictwem ks. Andrzeja.<\/p>\n\n\n\n<p>W homilii mszalnej przewodnicz\u0105cy liturgii zwr\u00f3ci\u0142 najpierw uwag\u0119 zgromadzonych, \u017ce Pan Jezus chc\u0105c ustanowi\u0107 kr\u00f3lewski sakrament Eucharystii wyci\u0105gn\u0105\u0142 z rytu \u017cydowskiej Paschy najbardziej popularne i wyst\u0119puj\u0105ce wsz\u0119dzie elementy: chleb, wino, kropelk\u0119 wody (por. L. Bouyer). Elementy, kt\u00f3re wcale nie by\u0142y centralnymi w \u017cydowskim \u015bwi\u0119towaniu. Ale uczyni\u0142 to dlatego, aby wsp\u00f3lnota Ko\u015bcio\u0142a wszystkich czas\u00f3w i ka\u017cdego miejsca na ziemi, mog\u0142a sprawowa\u0107 sakrament Eucharystii. W kolejnym w\u0105tku homilii kaznodzieja zwr\u00f3ci\u0142 uwag\u0105 na odpowied\u017a na pytanie: co daje nam Eucharystia? \u00a0<em>\u201e<\/em><em>Ustanawiaj\u0105c w takim momencie (swojego \u017cycia) Eucharysti\u0119, Jezus daje nam cenn\u0105 wskaz\u00f3wk\u0119. To w\u0142a\u015bnie przyj\u0119cie Go w darze Eucharystii, daje si\u0142\u0119, \u017ceby przetrwa\u0107 ekstremalnie bolesne momenty i wszystkie inne trudne chwile w \u017cyciu. Ludzie \u017cyj\u0105cy Eucharysti\u0105 wiedz\u0105 jaka si\u0142\u0119 daje im ten sakrament\u2026\u201d<\/em>. Ilustracj\u0105 do tego stwierdzenia by\u0142a najpierw znana sekwencja chrze\u015bcijan Ko\u015bcio\u0142a afryka\u0144skiego ju\u017c z IV wieku, w kt\u00f3rej pierwsi wyznawcy Chrystusa Pana mawiali\u00a0<em>\u201eMy nie mo\u017cemy \u017cy\u0107 bez Eucharystii\u201d<\/em>\u00a0oraz scena z powie\u015bci pt. <em>Ko\u015bciotrup<\/em>\u00a0autorstwa\u00a0Iwana Siergiejewicza\u00a0Turgieniewa, w kt\u00f3rej jedna z bohaterek bardzo bole\u015bnie do\u015bwiadczona parali\u017cem, daje pi\u0119kne \u015bwiadectwo o znaczeniu Eucharystii w swoim nie\u0142atwym \u017cyciu.<\/p>\n\n\n\n<p>Wzruszaj\u0105cym momentem Mszy \u015bw. Wieczerzy Pa\u0144skiej by\u0142y \u015blubowania ministranckie z\u0142o\u017cone przez grup\u0119 ministrantek i ministrant\u00f3w naszej Parafii. Do tej radosnej chwili przygotowanych zosta\u0142o 9 m\u0142odych katolik\u00f3w, kt\u00f3rzy postanowili zwi\u0105za\u0107 swoje \u017cycie z radosn\u0105 przygod\u0105 s\u0142u\u017cenia Panu Bogu podczas liturgii i nabo\u017ce\u0144stw w naszym Wieczerniku.<\/p>\n\n\n\n<p>Msz\u0119 \u015bw. Wieczerzy Pa\u0144skiej zako\u0144czy\u0142y \u017cyczenia od m\u0142odzie\u017cy i starszych z\u0142o\u017cone ks. Andrzejowi z okazji \u015bwi\u0119ta kap\u0142an\u00f3w. Na zako\u0144czenie przewodnicz\u0105cy liturgii przeni\u00f3s\u0142 Naj\u015bwi\u0119tszy Sakrament do kaplicy adoracji, gdzie do godz. 22:00 by\u0142a mo\u017cliwo\u015b\u0107 indywidualnej adoracji \u2013 osobistego spotkania z Dawc\u0105 Eucharystii.<\/p>\n\n\n\n<p>fot. M. Matuszewski<\/p>\n\n\n\n<figure class=\"wp-container-2 wp-block-gallery-1 wp-block-gallery has-nested-images columns-default is-cropped\">\n<figure class=\"wp-block-image size-large\"><img loading=\"lazy\" width=\"1600\" height=\"720\" data-id=\"3086\"  src=\"http:\/\/parafiawegliniec.pl\/wp-content\/uploads\/2024\/03\/IMG-20240328-WA0025.jpg\" alt=\"\" class=\"wp-image-3086\" srcset=\"https:\/\/parafiawegliniec.pl\/wp-content\/uploads\/2024\/03\/IMG-20240328-WA0025.jpg 1600w, https:\/\/parafiawegliniec.pl\/wp-content\/uploads\/2024\/03\/IMG-20240328-WA0025-300x135.jpg 300w, https:\/\/parafiawegliniec.pl\/wp-content\/uploads\/2024\/03\/IMG-20240328-WA0025-1024x461.jpg 1024w, https:\/\/parafiawegliniec.pl\/wp-content\/uploads\/2024\/03\/IMG-20240328-WA0025-768x346.jpg 768w, https:\/\/parafiawegliniec.pl\/wp-content\/uploads\/2024\/03\/IMG-20240328-WA0025-1536x691.jpg 1536w\" sizes=\"(max-width: 1600px) 100vw, 1600px\" \/><\/figure>\n\n\n\n<figure class=\"wp-block-image size-large\"><img loading=\"lazy\" width=\"1600\" height=\"720\" data-id=\"3087\"  src=\"http:\/\/parafiawegliniec.pl\/wp-content\/uploads\/2024\/03\/IMG-20240328-WA0017.jpg\" alt=\"\" class=\"wp-image-3087\" srcset=\"https:\/\/parafiawegliniec.pl\/wp-content\/uploads\/2024\/03\/IMG-20240328-WA0017.jpg 1600w, https:\/\/parafiawegliniec.pl\/wp-content\/uploads\/2024\/03\/IMG-20240328-WA0017-300x135.jpg 300w, https:\/\/parafiawegliniec.pl\/wp-content\/uploads\/2024\/03\/IMG-20240328-WA0017-1024x461.jpg 1024w, https:\/\/parafiawegliniec.pl\/wp-content\/uploads\/2024\/03\/IMG-20240328-WA0017-768x346.jpg 768w, https:\/\/parafiawegliniec.pl\/wp-content\/uploads\/2024\/03\/IMG-20240328-WA0017-1536x691.jpg 1536w\" sizes=\"(max-width: 1600px) 100vw, 1600px\" \/><\/figure>\n\n\n\n<figure class=\"wp-block-image size-large\"><img loading=\"lazy\" width=\"1600\" height=\"720\" data-id=\"3088\"  src=\"http:\/\/parafiawegliniec.pl\/wp-content\/uploads\/2024\/03\/IMG-20240328-WA0013.jpg\" alt=\"\" class=\"wp-image-3088\" srcset=\"https:\/\/parafiawegliniec.pl\/wp-content\/uploads\/2024\/03\/IMG-20240328-WA0013.jpg 1600w, https:\/\/parafiawegliniec.pl\/wp-content\/uploads\/2024\/03\/IMG-20240328-WA0013-300x135.jpg 300w, https:\/\/parafiawegliniec.pl\/wp-content\/uploads\/2024\/03\/IMG-20240328-WA0013-1024x461.jpg 1024w, https:\/\/parafiawegliniec.pl\/wp-content\/uploads\/2024\/03\/IMG-20240328-WA0013-768x346.jpg 768w, https:\/\/parafiawegliniec.pl\/wp-content\/uploads\/2024\/03\/IMG-20240328-WA0013-1536x691.jpg 1536w\" sizes=\"(max-width: 1600px) 100vw, 1600px\" \/><\/figure>\n\n\n\n<figure class=\"wp-block-image size-large\"><img loading=\"lazy\" width=\"1600\" height=\"720\" data-id=\"3089\"  src=\"http:\/\/parafiawegliniec.pl\/wp-content\/uploads\/2024\/03\/IMG-20240328-WA0009-1.jpg\" alt=\"\" class=\"wp-image-3089\" srcset=\"https:\/\/parafiawegliniec.pl\/wp-content\/uploads\/2024\/03\/IMG-20240328-WA0009-1.jpg 1600w, https:\/\/parafiawegliniec.pl\/wp-content\/uploads\/2024\/03\/IMG-20240328-WA0009-1-300x135.jpg 300w, https:\/\/parafiawegliniec.pl\/wp-content\/uploads\/2024\/03\/IMG-20240328-WA0009-1-1024x461.jpg 1024w, https:\/\/parafiawegliniec.pl\/wp-content\/uploads\/2024\/03\/IMG-20240328-WA0009-1-768x346.jpg 768w, https:\/\/parafiawegliniec.pl\/wp-content\/uploads\/2024\/03\/IMG-20240328-WA0009-1-1536x691.jpg 1536w\" sizes=\"(max-width: 1600px) 100vw, 1600px\" \/><\/figure>\n\n\n\n<figure class=\"wp-block-image size-large\"><img loading=\"lazy\" width=\"1600\" height=\"720\" data-id=\"3090\"  src=\"http:\/\/parafiawegliniec.pl\/wp-content\/uploads\/2024\/03\/IMG-20240328-WA0018.jpg\" alt=\"\" class=\"wp-image-3090\" srcset=\"https:\/\/parafiawegliniec.pl\/wp-content\/uploads\/2024\/03\/IMG-20240328-WA0018.jpg 1600w, https:\/\/parafiawegliniec.pl\/wp-content\/uploads\/2024\/03\/IMG-20240328-WA0018-300x135.jpg 300w, https:\/\/parafiawegliniec.pl\/wp-content\/uploads\/2024\/03\/IMG-20240328-WA0018-1024x461.jpg 1024w, https:\/\/parafiawegliniec.pl\/wp-content\/uploads\/2024\/03\/IMG-20240328-WA0018-768x346.jpg 768w, https:\/\/parafiawegliniec.pl\/wp-content\/uploads\/2024\/03\/IMG-20240328-WA0018-1536x691.jpg 1536w\" sizes=\"(max-width: 1600px) 100vw, 1600px\" \/><\/figure>\n\n\n\n<figure class=\"wp-block-image size-large\"><img loading=\"lazy\" width=\"1600\" height=\"720\" data-id=\"3091\"  src=\"http:\/\/parafiawegliniec.pl\/wp-content\/uploads\/2024\/03\/IMG-20240328-WA0021.jpg\" alt=\"\" class=\"wp-image-3091\" srcset=\"https:\/\/parafiawegliniec.pl\/wp-content\/uploads\/2024\/03\/IMG-20240328-WA0021.jpg 1600w, https:\/\/parafiawegliniec.pl\/wp-content\/uploads\/2024\/03\/IMG-20240328-WA0021-300x135.jpg 300w, https:\/\/parafiawegliniec.pl\/wp-content\/uploads\/2024\/03\/IMG-20240328-WA0021-1024x461.jpg 1024w, https:\/\/parafiawegliniec.pl\/wp-content\/uploads\/2024\/03\/IMG-20240328-WA0021-768x346.jpg 768w, https:\/\/parafiawegliniec.pl\/wp-content\/uploads\/2024\/03\/IMG-20240328-WA0021-1536x691.jpg 1536w\" sizes=\"(max-width: 1600px) 100vw, 1600px\" \/><\/figure>\n<\/figure>\n","protected":false},"excerpt":{"rendered":"<p>W Wielki Czwartek, 28.03.2024, prze\u017cywali\u015bmy w naszej wsp\u00f3lnocie \u015bwi\u0119to ustanowienia sakrament\u00f3w Eucharystii i Kap\u0142a\u0144stwa. O godz. 18.00 w ko\u015bciele pw.\u00a0Matki Bo\u017cej Kr\u00f3lowej Polski\u00a0sprawowana by\u0142a Msza \u015bw. Wieczerzy Pa\u0144skiej pod przewodnictwem ks. Andrzeja. W homilii mszalnej przewodnicz\u0105cy liturgii zwr\u00f3ci\u0142 najpierw uwag\u0119 zgromadzonych, \u017ce Pan Jezus chc\u0105c ustanowi\u0107 kr\u00f3lewski sakrament Eucharystii wyci\u0105gn\u0105\u0142 z rytu \u017cydowskiej Paschy najbardziej [&hellip;]<\/p>\n","protected":false},"author":1,"featured_media":3085,"comment_status":"closed","ping_status":"open","sticky":false,"template":"","format":"standard","meta":[],"categories":[12],"tags":[],"_links":{"self":[{"href":"https:\/\/parafiawegliniec.pl\/index.php?rest_route=\/wp\/v2\/posts\/3084"}],"collection":[{"href":"https:\/\/parafiawegliniec.pl\/index.php?rest_route=\/wp\/v2\/posts"}],"about":[{"href":"https:\/\/parafiawegliniec.pl\/index.php?rest_route=\/wp\/v2\/types\/post"}],"author":[{"embeddable":true,"href":"https:\/\/parafiawegliniec.pl\/index.php?rest_route=\/wp\/v2\/users\/1"}],"replies":[{"embeddable":true,"href":"https:\/\/parafiawegliniec.pl\/index.php?rest_route=%2Fwp%2Fv2%2Fcomments&post=3084"}],"version-history":[{"count":1,"href":"https:\/\/parafiawegliniec.pl\/index.php?rest_route=\/wp\/v2\/posts\/3084\/revisions"}],"predecessor-version":[{"id":3092,"href":"https:\/\/parafiawegliniec.pl\/index.php?rest_route=\/wp\/v2\/posts\/3084\/revisions\/3092"}],"wp:featuredmedia":[{"embeddable":true,"href":"https:\/\/parafiawegliniec.pl\/index.php?rest_route=\/wp\/v2\/media\/3085"}],"wp:attachment":[{"href":"https:\/\/parafiawegliniec.pl\/index.php?rest_route=%2Fwp%2Fv2%2Fmedia&parent=3084"}],"wp:term":[{"taxonomy":"category","embeddable":true,"href":"https:\/\/parafiawegliniec.pl\/index.php?rest_route=%2Fwp%2Fv2%2Fcategories&post=3084"},{"taxonomy":"post_tag","embeddable":true,"href":"https:\/\/parafiawegliniec.pl\/index.php?rest_route=%2Fwp%2Fv2%2Ftags&post=3084"}],"curies":[{"name":"wp","href":"https:\/\/api.w.org\/{rel}","templated":true}]}}