{"id":3117,"date":"2024-04-28T08:28:50","date_gmt":"2024-04-28T08:28:50","guid":{"rendered":"https:\/\/parafiawegliniec.pl\/?p=3117"},"modified":"2024-04-28T08:28:50","modified_gmt":"2024-04-28T08:28:50","slug":"3-maja-matki-boskiej-krolowej-polski-odpust","status":"publish","type":"post","link":"https:\/\/parafiawegliniec.pl\/?p=3117","title":{"rendered":"3 maja &#8211; Matki Boskiej Kr\u00f3lowej Polski (odpust)"},"content":{"rendered":"\n<p><strong>W pi\u0105tek 03.05.2024 prze\u017cywamy uroczysto\u015b\u0107 Matki Bo\u017cej Kr\u00f3lowej Polski. <\/strong>Jest to uroczysto\u015b\u0107 odpustowa w ko\u015bciele kolejowym dedykowanym Kr\u00f3lowej Polski.<\/p>\n\n\n\n<p>Msze \u015bw. w naszej Parafii wed\u0142ug porz\u0105dku niedzielnego: o 8:00; 10:00 w ko\u015bciele parafialnym; <strong>odpustowa Eucharystia o godz. 12:00 w ko\u015bciele kolejowym<\/strong> z po\u015bwi\u0119ceniem medalik\u00f3w dzieci pierwszokomunijnych.<\/p>\n\n\n\n<p><strong>O godz. 15:00 w ramach obchod\u00f3w 233. rocznicy uchwalenia Konstytucji 3 Maja 1791 roku Msza \u015bw. patriotyczna w intencji Ojczyzny w ko\u015bciele parafialnym,<\/strong> po kt\u00f3rej druga cz\u0119\u015b\u0107 obchod\u00f3w w pobliskim Parku ks. pra\u0142ata Bronis\u0142awa Ma\u015blanki.<\/p>\n\n\n\n<p>W pi\u0105tkowy wiecz\u00f3r o 18:00 Msza \u015bw. w ko\u015bciele parafialnym. Do modlitwy wszystkich z serca zapraszamy!<\/p>\n\n\n\n<figure class=\"wp-block-image size-full\"><img loading=\"lazy\" width=\"679\" height=\"960\" src=\"http:\/\/parafiawegliniec.pl\/wp-content\/uploads\/2024\/04\/3-maja-plakat.jpg\" alt=\"\" class=\"wp-image-3118\" srcset=\"https:\/\/parafiawegliniec.pl\/wp-content\/uploads\/2024\/04\/3-maja-plakat.jpg 679w, https:\/\/parafiawegliniec.pl\/wp-content\/uploads\/2024\/04\/3-maja-plakat-212x300.jpg 212w\" sizes=\"(max-width: 679px) 100vw, 679px\" \/><\/figure>\n","protected":false},"excerpt":{"rendered":"<p>W pi\u0105tek 03.05.2024 prze\u017cywamy uroczysto\u015b\u0107 Matki Bo\u017cej Kr\u00f3lowej Polski. Jest to uroczysto\u015b\u0107 odpustowa w ko\u015bciele kolejowym dedykowanym Kr\u00f3lowej Polski. Msze \u015bw. w naszej Parafii wed\u0142ug porz\u0105dku niedzielnego: o 8:00; 10:00 w ko\u015bciele parafialnym; odpustowa Eucharystia o godz. 12:00 w ko\u015bciele kolejowym z po\u015bwi\u0119ceniem medalik\u00f3w dzieci pierwszokomunijnych. O godz. 15:00 w ramach obchod\u00f3w 233. rocznicy uchwalenia [&hellip;]<\/p>\n","protected":false},"author":1,"featured_media":297,"comment_status":"closed","ping_status":"open","sticky":false,"template":"","format":"standard","meta":[],"categories":[12],"tags":[],"_links":{"self":[{"href":"https:\/\/parafiawegliniec.pl\/index.php?rest_route=\/wp\/v2\/posts\/3117"}],"collection":[{"href":"https:\/\/parafiawegliniec.pl\/index.php?rest_route=\/wp\/v2\/posts"}],"about":[{"href":"https:\/\/parafiawegliniec.pl\/index.php?rest_route=\/wp\/v2\/types\/post"}],"author":[{"embeddable":true,"href":"https:\/\/parafiawegliniec.pl\/index.php?rest_route=\/wp\/v2\/users\/1"}],"replies":[{"embeddable":true,"href":"https:\/\/parafiawegliniec.pl\/index.php?rest_route=%2Fwp%2Fv2%2Fcomments&post=3117"}],"version-history":[{"count":1,"href":"https:\/\/parafiawegliniec.pl\/index.php?rest_route=\/wp\/v2\/posts\/3117\/revisions"}],"predecessor-version":[{"id":3119,"href":"https:\/\/parafiawegliniec.pl\/index.php?rest_route=\/wp\/v2\/posts\/3117\/revisions\/3119"}],"wp:featuredmedia":[{"embeddable":true,"href":"https:\/\/parafiawegliniec.pl\/index.php?rest_route=\/wp\/v2\/media\/297"}],"wp:attachment":[{"href":"https:\/\/parafiawegliniec.pl\/index.php?rest_route=%2Fwp%2Fv2%2Fmedia&parent=3117"}],"wp:term":[{"taxonomy":"category","embeddable":true,"href":"https:\/\/parafiawegliniec.pl\/index.php?rest_route=%2Fwp%2Fv2%2Fcategories&post=3117"},{"taxonomy":"post_tag","embeddable":true,"href":"https:\/\/parafiawegliniec.pl\/index.php?rest_route=%2Fwp%2Fv2%2Ftags&post=3117"}],"curies":[{"name":"wp","href":"https:\/\/api.w.org\/{rel}","templated":true}]}}