{"id":3165,"date":"2024-06-02T13:19:12","date_gmt":"2024-06-02T13:19:12","guid":{"rendered":"https:\/\/parafiawegliniec.pl\/?p=3165"},"modified":"2024-06-02T13:19:12","modified_gmt":"2024-06-02T13:19:12","slug":"nabozenstwa-czerwcowe-3","status":"publish","type":"post","link":"https:\/\/parafiawegliniec.pl\/?p=3165","title":{"rendered":"Nabo\u017ce\u0144stwa Czerwcowe"},"content":{"rendered":"\n<p><strong>Rozpocz\u0119li\u015bmy miesi\u0105c czerwiec z\u0142\u0105czony w naszej tradycji z codziennymi Nabo\u017ce\u0144stwami Czerwcowymi o godz. 17:30. <\/strong>Niech Naj\u015bwi\u0119tsze Serce Jezusowe, kt\u00f3re jest dla nas ikon\u0105 mi\u0142osierdzia Bo\u017cego u\u015bwiadamia nam, jak wiele B\u00f3g ofiarowuje nam na drogach naszego \u017cycia i powo\u0142ania.<\/p>\n","protected":false},"excerpt":{"rendered":"<p>Rozpocz\u0119li\u015bmy miesi\u0105c czerwiec z\u0142\u0105czony w naszej tradycji z codziennymi Nabo\u017ce\u0144stwami Czerwcowymi o godz. 17:30. Niech Naj\u015bwi\u0119tsze Serce Jezusowe, kt\u00f3re jest dla nas ikon\u0105 mi\u0142osierdzia Bo\u017cego u\u015bwiadamia nam, jak wiele B\u00f3g ofiarowuje nam na drogach naszego \u017cycia i powo\u0142ania.<\/p>\n","protected":false},"author":1,"featured_media":1975,"comment_status":"closed","ping_status":"open","sticky":false,"template":"","format":"standard","meta":[],"categories":[12],"tags":[],"_links":{"self":[{"href":"https:\/\/parafiawegliniec.pl\/index.php?rest_route=\/wp\/v2\/posts\/3165"}],"collection":[{"href":"https:\/\/parafiawegliniec.pl\/index.php?rest_route=\/wp\/v2\/posts"}],"about":[{"href":"https:\/\/parafiawegliniec.pl\/index.php?rest_route=\/wp\/v2\/types\/post"}],"author":[{"embeddable":true,"href":"https:\/\/parafiawegliniec.pl\/index.php?rest_route=\/wp\/v2\/users\/1"}],"replies":[{"embeddable":true,"href":"https:\/\/parafiawegliniec.pl\/index.php?rest_route=%2Fwp%2Fv2%2Fcomments&post=3165"}],"version-history":[{"count":1,"href":"https:\/\/parafiawegliniec.pl\/index.php?rest_route=\/wp\/v2\/posts\/3165\/revisions"}],"predecessor-version":[{"id":3166,"href":"https:\/\/parafiawegliniec.pl\/index.php?rest_route=\/wp\/v2\/posts\/3165\/revisions\/3166"}],"wp:featuredmedia":[{"embeddable":true,"href":"https:\/\/parafiawegliniec.pl\/index.php?rest_route=\/wp\/v2\/media\/1975"}],"wp:attachment":[{"href":"https:\/\/parafiawegliniec.pl\/index.php?rest_route=%2Fwp%2Fv2%2Fmedia&parent=3165"}],"wp:term":[{"taxonomy":"category","embeddable":true,"href":"https:\/\/parafiawegliniec.pl\/index.php?rest_route=%2Fwp%2Fv2%2Fcategories&post=3165"},{"taxonomy":"post_tag","embeddable":true,"href":"https:\/\/parafiawegliniec.pl\/index.php?rest_route=%2Fwp%2Fv2%2Ftags&post=3165"}],"curies":[{"name":"wp","href":"https:\/\/api.w.org\/{rel}","templated":true}]}}