{"id":3167,"date":"2024-06-02T13:21:51","date_gmt":"2024-06-02T13:21:51","guid":{"rendered":"https:\/\/parafiawegliniec.pl\/?p=3167"},"modified":"2024-06-02T13:21:51","modified_gmt":"2024-06-02T13:21:51","slug":"odpust-parafialny-5","status":"publish","type":"post","link":"https:\/\/parafiawegliniec.pl\/?p=3167","title":{"rendered":"Odpust Parafialny"},"content":{"rendered":"\n<p><strong>W pi\u0105tek, prze\u017cywa\u0107 b\u0119dziemy uroczysto\u015b\u0107 odpustow\u0105 Naj\u015bwi\u0119tszego Serca Pana Jezusa. <\/strong>Msze \u015bw. tego uroczystego dnia w ko\u015bciele parafialnym o godz. 9:00 (dla pracuj\u0105cych popo\u0142udniem) i <strong>g\u0142\u00f3wna Msza \u015bw. odpustowa o godz. 18:00<\/strong>, uprzedzona Nabo\u017ce\u0144stwem Czerwcowym o 17:30. Do modlitwy w uroczystym dniu odpustu Naj\u015bwi\u0119tszego Serca Pana Jezusa wszystkich z serca zapraszamy.<\/p>\n\n\n\n<p>Niech Dzie\u0144 Odpustu Parafialnego zmobilizuje nasze serca aby\u015bmy wyprosili \u0142ask\u0119 odpustu zupe\u0142nego dla naszych bliskich zmar\u0142ych, szczeg\u00f3lnie tych, kt\u00f3rzy odeszli z tego \u015bwiata nieprzygotowani na spotkanie z Bogiem, ofiary tragicznych wypadk\u00f3w, zaniedbanych religijnie. Jest to jeden, szczeg\u00f3lny dzie\u0144 w roku, gdy poprzez nasz\u0105 pokut\u0119 mo\u017cemy przyj\u015b\u0107 im z pomoc\u0105 i wyprosi\u0107 \u0142ask\u0119 Bo\u017cego mi\u0142osierdzia.<\/p>\n\n\n\n<p>Odpust zupe\u0142ny mo\u017cna tego dnia zyska\u0107 pod zwyk\u0142ymi warunkami, kt\u00f3rymi s\u0105: Spowied\u017a \u015bw. sakramentalna i Komunia \u015bw., wykluczenie przywi\u0105zania do grzechu, modlitwa w intencjach Ojca \u015awi\u0119tego. \u0141ask\u0119 odpustu zyska\u0107 mo\u017cemy we w\u0142asnych intencjach albo w intencjach&nbsp; zmar\u0142ych.<\/p>\n","protected":false},"excerpt":{"rendered":"<p>W pi\u0105tek, prze\u017cywa\u0107 b\u0119dziemy uroczysto\u015b\u0107 odpustow\u0105 Naj\u015bwi\u0119tszego Serca Pana Jezusa. Msze \u015bw. tego uroczystego dnia w ko\u015bciele parafialnym o godz. 9:00 (dla pracuj\u0105cych popo\u0142udniem) i g\u0142\u00f3wna Msza \u015bw. odpustowa o godz. 18:00, uprzedzona Nabo\u017ce\u0144stwem Czerwcowym o 17:30. Do modlitwy w uroczystym dniu odpustu Naj\u015bwi\u0119tszego Serca Pana Jezusa wszystkich z serca zapraszamy. Niech Dzie\u0144 Odpustu Parafialnego [&hellip;]<\/p>\n","protected":false},"author":1,"featured_media":1155,"comment_status":"closed","ping_status":"open","sticky":false,"template":"","format":"standard","meta":[],"categories":[12],"tags":[],"_links":{"self":[{"href":"https:\/\/parafiawegliniec.pl\/index.php?rest_route=\/wp\/v2\/posts\/3167"}],"collection":[{"href":"https:\/\/parafiawegliniec.pl\/index.php?rest_route=\/wp\/v2\/posts"}],"about":[{"href":"https:\/\/parafiawegliniec.pl\/index.php?rest_route=\/wp\/v2\/types\/post"}],"author":[{"embeddable":true,"href":"https:\/\/parafiawegliniec.pl\/index.php?rest_route=\/wp\/v2\/users\/1"}],"replies":[{"embeddable":true,"href":"https:\/\/parafiawegliniec.pl\/index.php?rest_route=%2Fwp%2Fv2%2Fcomments&post=3167"}],"version-history":[{"count":1,"href":"https:\/\/parafiawegliniec.pl\/index.php?rest_route=\/wp\/v2\/posts\/3167\/revisions"}],"predecessor-version":[{"id":3168,"href":"https:\/\/parafiawegliniec.pl\/index.php?rest_route=\/wp\/v2\/posts\/3167\/revisions\/3168"}],"wp:featuredmedia":[{"embeddable":true,"href":"https:\/\/parafiawegliniec.pl\/index.php?rest_route=\/wp\/v2\/media\/1155"}],"wp:attachment":[{"href":"https:\/\/parafiawegliniec.pl\/index.php?rest_route=%2Fwp%2Fv2%2Fmedia&parent=3167"}],"wp:term":[{"taxonomy":"category","embeddable":true,"href":"https:\/\/parafiawegliniec.pl\/index.php?rest_route=%2Fwp%2Fv2%2Fcategories&post=3167"},{"taxonomy":"post_tag","embeddable":true,"href":"https:\/\/parafiawegliniec.pl\/index.php?rest_route=%2Fwp%2Fv2%2Ftags&post=3167"}],"curies":[{"name":"wp","href":"https:\/\/api.w.org\/{rel}","templated":true}]}}