{"id":3174,"date":"2024-06-09T16:40:45","date_gmt":"2024-06-09T16:40:45","guid":{"rendered":"https:\/\/parafiawegliniec.pl\/?p=3174"},"modified":"2024-06-09T16:40:45","modified_gmt":"2024-06-09T16:40:45","slug":"pokutny-dzien-fatimski","status":"publish","type":"post","link":"https:\/\/parafiawegliniec.pl\/?p=3174","title":{"rendered":"Pokutny Dzie\u0144 Fatimski"},"content":{"rendered":"\n<p><strong>W czwartek 13 czerwca prze\u017cywa\u0107 b\u0119dziemy kolejny Pokutny Dzie\u0144 Fatimski.<\/strong> Nasz\u0105 modlitw\u0119 i Eucharysti\u0119 prze\u017cywa\u0107 b\u0119dziemy tego dnia w ko\u015bciele kolejowym. <\/p>\n\n\n\n<p>O godz. 17:00 okazja do Spowiedzi \u015bw., po kt\u00f3rej o 17:30 Nabo\u017ce\u0144stwo Czerwcowe, a bezpo\u015brednio po nim Msza \u015bw. za wstawiennictwem Matki Boskiej Fatimskiej. Zako\u0144czenie modlitwy Procesj\u0105 Fatimsk\u0105 i Apelem Maryjnym. <\/p>\n\n\n\n<p>Wszystkich na ten Pokutny Dzie\u0144 Fatimski z serca zapraszamy!<\/p>\n","protected":false},"excerpt":{"rendered":"<p>W czwartek 13 czerwca prze\u017cywa\u0107 b\u0119dziemy kolejny Pokutny Dzie\u0144 Fatimski. Nasz\u0105 modlitw\u0119 i Eucharysti\u0119 prze\u017cywa\u0107 b\u0119dziemy tego dnia w ko\u015bciele kolejowym. O godz. 17:00 okazja do Spowiedzi \u015bw., po kt\u00f3rej o 17:30 Nabo\u017ce\u0144stwo Czerwcowe, a bezpo\u015brednio po nim Msza \u015bw. za wstawiennictwem Matki Boskiej Fatimskiej. Zako\u0144czenie modlitwy Procesj\u0105 Fatimsk\u0105 i Apelem Maryjnym. Wszystkich na ten [&hellip;]<\/p>\n","protected":false},"author":1,"featured_media":1205,"comment_status":"closed","ping_status":"open","sticky":false,"template":"","format":"standard","meta":[],"categories":[12],"tags":[],"_links":{"self":[{"href":"https:\/\/parafiawegliniec.pl\/index.php?rest_route=\/wp\/v2\/posts\/3174"}],"collection":[{"href":"https:\/\/parafiawegliniec.pl\/index.php?rest_route=\/wp\/v2\/posts"}],"about":[{"href":"https:\/\/parafiawegliniec.pl\/index.php?rest_route=\/wp\/v2\/types\/post"}],"author":[{"embeddable":true,"href":"https:\/\/parafiawegliniec.pl\/index.php?rest_route=\/wp\/v2\/users\/1"}],"replies":[{"embeddable":true,"href":"https:\/\/parafiawegliniec.pl\/index.php?rest_route=%2Fwp%2Fv2%2Fcomments&post=3174"}],"version-history":[{"count":1,"href":"https:\/\/parafiawegliniec.pl\/index.php?rest_route=\/wp\/v2\/posts\/3174\/revisions"}],"predecessor-version":[{"id":3175,"href":"https:\/\/parafiawegliniec.pl\/index.php?rest_route=\/wp\/v2\/posts\/3174\/revisions\/3175"}],"wp:featuredmedia":[{"embeddable":true,"href":"https:\/\/parafiawegliniec.pl\/index.php?rest_route=\/wp\/v2\/media\/1205"}],"wp:attachment":[{"href":"https:\/\/parafiawegliniec.pl\/index.php?rest_route=%2Fwp%2Fv2%2Fmedia&parent=3174"}],"wp:term":[{"taxonomy":"category","embeddable":true,"href":"https:\/\/parafiawegliniec.pl\/index.php?rest_route=%2Fwp%2Fv2%2Fcategories&post=3174"},{"taxonomy":"post_tag","embeddable":true,"href":"https:\/\/parafiawegliniec.pl\/index.php?rest_route=%2Fwp%2Fv2%2Ftags&post=3174"}],"curies":[{"name":"wp","href":"https:\/\/api.w.org\/{rel}","templated":true}]}}