{"id":3181,"date":"2024-10-10T10:25:00","date_gmt":"2024-10-10T10:25:00","guid":{"rendered":"https:\/\/parafiawegliniec.pl\/?p=3181"},"modified":"2024-10-12T17:45:07","modified_gmt":"2024-10-12T17:45:07","slug":"rodzinny-festyn-parafialny-sobota-29-czerwca","status":"publish","type":"post","link":"https:\/\/parafiawegliniec.pl\/?p=3181","title":{"rendered":"Rodzinny Festyn Parafialny &#8211; sobota 26 pa\u017adziernika"},"content":{"rendered":"\n<p><strong>W sobot\u0119 26 pa\u017adziernika, na po\u017cegnanie jesieni w godz. od 12:00 do 22:00 na stadionie miejskim organizujemy Parafialny Festyn Rodzinny, kt\u00f3rego&nbsp;<\/strong>celem jest pomoc w przygotowaniu projekt\u00f3w remontowych naszych ko\u015bcio\u0142\u00f3w. Program Festynu i wszelkie atrakcje zapowiemy w przysz\u0142\u0105 niedziel\u0119. Do uczestnictwa ju\u017c dzi\u015b wszystkich z serca zapraszamy!<\/p>\n\n\n\n<p><strong>PROGRAM FESTYNU:<\/strong><\/p>\n\n\n\n<p><strong>11.30<\/strong> &#8211; FESTIWAL PIOSENKI RELIGIJNEJ DLA DZIECI I M\u0141ODZIE\u017bY &#8222;CANTATE DOMINO&#8221;<br><strong>14.00<\/strong> &#8211; MECZ LIGOWY G\u00d3RNIK W\u0118GLINIEC &#8211; LKS MIERZWIN<br><strong>15.45<\/strong> &#8211; WYST\u0118PY ZESPO\u0141\u00d3W I GRUP MUZYCZNYCH<br><strong>16.00<\/strong> &#8211; G\u0141\u00d3WNA ATRAKCJA &#8211; PRZELOT BALONEM<\/p>\n\n\n\n<p><strong>DO POBRANIA<\/strong>: (Regulamin i karta zg\u0142oszeniowa&nbsp;I Przegl\u0105du Piosenki Religijnej Cantate Domino)<\/p>\n\n\n\n<p><a href=\"http:\/\/parafiawegliniec.pl\/wp-content\/uploads\/2024\/10\/REGULAMIN-I-PRZEGLADU-PIOSENKI-RELIGIJNEJ-DLA-DZIECI-I-MLODZIEZY-CANTATE-DOMINO-24.pdf\" data-type=\"URL\" data-id=\"http:\/\/parafiawegliniec.pl\/wp-content\/uploads\/2024\/10\/REGULAMIN-I-PRZEGLADU-PIOSENKI-RELIGIJNEJ-DLA-DZIECI-I-MLODZIEZY-CANTATE-DOMINO-24.pdf\" target=\"_blank\" rel=\"noreferrer noopener\">REGULAMIN (kliknij)<\/a><\/p>\n\n\n\n<p><a href=\"http:\/\/parafiawegliniec.pl\/wp-content\/uploads\/2024\/10\/Karta-zgloszeniowa-I-Przegladu-Piosenki-Religijnej-Cantate-Domino-24.pdf\" data-type=\"URL\" data-id=\"http:\/\/parafiawegliniec.pl\/wp-content\/uploads\/2024\/10\/Karta-zgloszeniowa-I-Przegladu-Piosenki-Religijnej-Cantate-Domino-24.pdf\">KARTA ZG\u0141OSZENIOWA (kliknij)<\/a><\/p>\n\n\n\n<p>Ju\u017c dzi\u015b zwracamy si\u0119 z wielk\u0105 pro\u015bb\u0105 do wszystkich Pa\u0144, aby na Parafialny Festyn Rodzinny Przygotowa\u0142y swoje wypieki ciast. Powtarzamy w tym wzgl\u0119dzie has\u0142o przy\u015bwiecaj\u0105ce organizacji festyn\u00f3w:&nbsp;<em>Ca\u0142e miasto piecze ciasto!<\/em>&nbsp;Wypieki b\u0119dzie mo\u017cna przynosi\u0107 do budynku plebanii w przeddzie\u0144 Festynu, czyli w pi\u0105tek 25 pa\u017adziernika od godz. 10:00 do 19:00, albo w dzie\u0144 festynu na plac festynowy na stadionie od godz. 11:00.<\/p>\n\n\n\n<p><strong>Podczas Parafialnego Festynu Rodzinnego chcemy przeprowadzi\u0107 atrakcj\u0119 pod nazw\u0105\u00a0<em>Balon do nieba<\/em>.<\/strong>\u00a0B\u0119dzie to mo\u017cliwo\u015b\u0107 lotu balonem nad W\u0119gli\u0144cem. Koszt to tylko 50 z\u0142. W sklepie papierniczym Bia\u0142a Kartka Pa\u0144stwa Matuszewskich rozprowadzane b\u0119d\u0105 bilety na ten lot. Wszystkich na t\u0119 atrakcj\u0119 zapraszamy!<\/p>\n\n\n\n<p>Apelujemy do wszystkich parafian, mieszka\u0144c\u00f3w, by\u015bmy to wydarzenie prze\u017cyli jako radosne rodzinne \u015bwi\u0119towanie i mobilizacj\u0119, by wspom\u00f3c wa\u017cne dla przysz\u0142o\u015bci naszych ko\u015bcio\u0142\u00f3w prace remontowe. <strong>Wszystkich do wsp\u00f3\u0142pracy z serca zapraszamy!<\/strong> Sobota 26 pa\u017adziernika od godz. 11:30 do 22:00.<\/p>\n\n\n\n<p><\/p>\n\n\n\n<figure class=\"wp-block-image size-large\"><img loading=\"lazy\" width=\"724\" height=\"1024\" src=\"http:\/\/parafiawegliniec.pl\/wp-content\/uploads\/2024\/10\/plakat-b2_na_strone-724x1024.jpg\" alt=\"\" class=\"wp-image-3283\" srcset=\"https:\/\/parafiawegliniec.pl\/wp-content\/uploads\/2024\/10\/plakat-b2_na_strone-724x1024.jpg 724w, https:\/\/parafiawegliniec.pl\/wp-content\/uploads\/2024\/10\/plakat-b2_na_strone-212x300.jpg 212w, https:\/\/parafiawegliniec.pl\/wp-content\/uploads\/2024\/10\/plakat-b2_na_strone-768x1086.jpg 768w, https:\/\/parafiawegliniec.pl\/wp-content\/uploads\/2024\/10\/plakat-b2_na_strone-1086x1536.jpg 1086w, https:\/\/parafiawegliniec.pl\/wp-content\/uploads\/2024\/10\/plakat-b2_na_strone-1448x2048.jpg 1448w, https:\/\/parafiawegliniec.pl\/wp-content\/uploads\/2024\/10\/plakat-b2_na_strone-scaled.jpg 1810w\" sizes=\"(max-width: 724px) 100vw, 724px\" \/><\/figure>\n","protected":false},"excerpt":{"rendered":"<p>W sobot\u0119 26 pa\u017adziernika, na po\u017cegnanie jesieni w godz. od 12:00 do 22:00 na stadionie miejskim organizujemy Parafialny Festyn Rodzinny, kt\u00f3rego&nbsp;celem jest pomoc w przygotowaniu projekt\u00f3w remontowych naszych ko\u015bcio\u0142\u00f3w. Program Festynu i wszelkie atrakcje zapowiemy w przysz\u0142\u0105 niedziel\u0119. Do uczestnictwa ju\u017c dzi\u015b wszystkich z serca zapraszamy! PROGRAM FESTYNU: 11.30 &#8211; FESTIWAL PIOSENKI RELIGIJNEJ DLA DZIECI [&hellip;]<\/p>\n","protected":false},"author":1,"featured_media":3284,"comment_status":"closed","ping_status":"open","sticky":false,"template":"","format":"standard","meta":[],"categories":[12],"tags":[],"_links":{"self":[{"href":"https:\/\/parafiawegliniec.pl\/index.php?rest_route=\/wp\/v2\/posts\/3181"}],"collection":[{"href":"https:\/\/parafiawegliniec.pl\/index.php?rest_route=\/wp\/v2\/posts"}],"about":[{"href":"https:\/\/parafiawegliniec.pl\/index.php?rest_route=\/wp\/v2\/types\/post"}],"author":[{"embeddable":true,"href":"https:\/\/parafiawegliniec.pl\/index.php?rest_route=\/wp\/v2\/users\/1"}],"replies":[{"embeddable":true,"href":"https:\/\/parafiawegliniec.pl\/index.php?rest_route=%2Fwp%2Fv2%2Fcomments&post=3181"}],"version-history":[{"count":6,"href":"https:\/\/parafiawegliniec.pl\/index.php?rest_route=\/wp\/v2\/posts\/3181\/revisions"}],"predecessor-version":[{"id":3294,"href":"https:\/\/parafiawegliniec.pl\/index.php?rest_route=\/wp\/v2\/posts\/3181\/revisions\/3294"}],"wp:featuredmedia":[{"embeddable":true,"href":"https:\/\/parafiawegliniec.pl\/index.php?rest_route=\/wp\/v2\/media\/3284"}],"wp:attachment":[{"href":"https:\/\/parafiawegliniec.pl\/index.php?rest_route=%2Fwp%2Fv2%2Fmedia&parent=3181"}],"wp:term":[{"taxonomy":"category","embeddable":true,"href":"https:\/\/parafiawegliniec.pl\/index.php?rest_route=%2Fwp%2Fv2%2Fcategories&post=3181"},{"taxonomy":"post_tag","embeddable":true,"href":"https:\/\/parafiawegliniec.pl\/index.php?rest_route=%2Fwp%2Fv2%2Ftags&post=3181"}],"curies":[{"name":"wp","href":"https:\/\/api.w.org\/{rel}","templated":true}]}}