{"id":320,"date":"2017-06-04T16:05:29","date_gmt":"2017-06-04T16:05:29","guid":{"rendered":"http:\/\/parafiawegliniec.pl\/?p=320"},"modified":"2017-06-04T16:05:29","modified_gmt":"2017-06-04T16:05:29","slug":"remont-kosciola-parafialnego","status":"publish","type":"post","link":"https:\/\/parafiawegliniec.pl\/?p=320","title":{"rendered":"Remont ko\u015bcio\u0142a parafialnego"},"content":{"rendered":"<p style=\"text-align: justify;\">Maj\u0105c na uwadze planowane prace remontowe w Ko\u015bciele Parafialnym w W\u0119gli\u0144cu zwracamy si\u0119 z pro\u015bb\u0105 o wsparcie tego dzie\u0142a wp\u0142acaj\u0105c dobrowoln\u0105 kwot\u0119 na poni\u017csze konto Bankowe. Jednocze\u015bnie informuj\u0119, i\u017c takowe wp\u0142aty mo\u017cna w roku nast\u0119pnym odliczy\u0107 od podatku dochodowego.<\/p>\n<p style=\"text-align: justify;\"><strong>Numer konta bankowego w Banku Sp\u00f3\u0142dzielczym w W\u0119gli\u0144cu<\/strong><\/p>\n<p style=\"text-align: justify;\">Na rzecz remontu Ko\u015bcio\u0142a Parafialnego<br \/>\nParafia Rzymsko Katolicka Naj\u015bwi\u0119tszego Serca Pana Jezusa<br \/>\nUl. Ko\u015bciuszki 20 59-940 W\u0119gliniec<br \/>\nZ dopiskiem remont Ko\u015bcio\u0142a Parafialnego<br \/>\nNr konta \u2013 43 8382 0001 2602 0297 2000 0020<br \/>\nKontakt z koordynatorem remontu:<br \/>\nMiros\u0142aw Matuszewski<br \/>\nTel. stacjonarny 757712751 tel. kom, 602363623<\/p>\n<p style=\"text-align: justify;\"><strong>Zalecany zakres prac remontowych:<\/strong><\/p>\n<p style=\"text-align: justify;\">1. Usun\u0105\u0107 cz\u0119\u015bciowe ocieplenie sklepienia z mat z we\u0142ny mineralnej. Usun\u0105\u0107 z poddasza resztki materia\u0142\u00f3w budowlanych \u2013 pozosta\u0142o\u015bci po starych remontach.<\/p>\n<p style=\"text-align: justify;\">2. Oceni\u0107 stan techniczny sklepienia \u2013 wykona\u0107 ew. naprawy drewnianej konstrukcji sklepienia.<\/p>\n<p style=\"text-align: justify;\">3. Wykona\u0107 prace zwi\u0105zane z usuni\u0119ciem pora\u017ce\u0144 biologicznych na strychu \u2013 zastosowa\u0144 preparat biob\u00f3jczy dzia\u0142aj\u0105cy na grzyby oraz owady niszcz\u0105ce drewno.<\/p>\n<p style=\"text-align: justify;\">4. U\u0142o\u017cy\u0107 na powierzchni sklepienia foli\u0119 paroprzepuszczaln\u0105. Nast\u0119pnie wykona\u0107 ocieplenie sklepienia na ca\u0142ej powierzchni poprzez u\u0142o\u017cenie mat z we\u0142ny mineralnej o grubo\u015bci 20 cm. Ociepli\u0107 nale\u017cy r\u00f3wnie\u017c fragment \u015bcian wystaj\u0105ce powy\u017cej sklepienia.<\/p>\n<p style=\"text-align: justify;\">5. Z powierzchni \u015bcian oraz z powierzchni sklepienia wewn\u0105trz ko\u015bcio\u0142a usun\u0105\u0107 stare olejne oraz emulsyjne pow\u0142oki malarskie. Usun\u0105\u0107 g\u0142adzie gipsowe. Oceni\u0107 stan techniczny istniej\u0105cych tynk\u00f3w. Usun\u0105\u0107 tynki odspojone od pod\u0142o\u017ca. Wykona\u0107 uzupe\u0142nienia po skutych tynkach. Naprawy wykonywa\u0107 stosuj\u0105c Lekki tynk wapienno cementowy MK5-L, zu\u017cycie 1,1 kg\/m\u00b2\/10 mm grubo\u015bci.<\/p>\n<p style=\"text-align: justify;\">6. Przeprowadzi\u0107 prace odgrzybieniowe wewn\u0105trz ko\u015bcio\u0142a &#8211; nas\u0105czy\u0107 \u015bciany i sklepienia Preparatem grzybob\u00f3jczym APE-SL, zu\u017cycie ok. 150 ml\/m\u00b2.<\/p>\n<p style=\"text-align: justify;\">7. Ociepli\u0107 od wewn\u0105trz \u015bcian\u0119 szczytow\u0105 ko\u015bcio\u0142a oraz belki konstrukcyjne nad ch\u00f3rempoprzez u\u0142o\u017cenie tynku ciep\u0142ochronnego np. Tynku ciep\u0142ochronnego TMD &#8211; z powierzchni \u015bciany sku\u0107 stare, zdegradowane i pora\u017cone biologicznie tynki. Starannie oczy\u015bci\u0107 pod\u0142o\u017ce. S\u0142abe osypuj\u0105ce si\u0119 powierzchnie muru ceglanego wzmocni\u0107 poprzez nas\u0105czenie Preparatem gruntuj\u0105cym MTG, zu\u017cycie ok. 0,3 l\/m\u00b2. &#8211; wykona\u0107 warstw\u0119 sczepn\u0105j z Zaprawy szpachlowej SKS nak\u0142adanej pac\u0105 z z\u0119bami 8 x 8 mm, zu\u017cycie ok. 5 kg\/m\u00b2. Po ok. 24 h mo\u017cna przyst\u0105pi\u0107 do wykonania tynku ciep\u0142ochronnego. &#8211; u\u0142o\u017cenie mineralnego<\/p>\n<p>Tynku ciep\u0142ochronnego TMD o grubo\u015bci warstwy ok. 30 mm, zu\u017cycie 16,5 kg\/m\u00b2. Po zwi\u0105zaniu i stwardnieniu tynku ciep\u0142ochronnego mo\u017cna przyst\u0105pi\u0107 do dalszych prac. \u2013 szpachlowanie powierzchni tynku ciep\u0142ochronnego za pomoc\u0105 Zaprawy szpachlowej SHF, o uziarnieniu 0-0,6 mm, zu\u017cycie ok. 4,0 kg\/m \u00b2. W warstw\u0119 zaprawy szpachlowej nale\u017cy wklei\u0107 siatk\u0119 z w\u0142\u00f3kna szklanego QMS.Tynk ciep\u0142ochronny podniesie temperatur\u0119 powierzchni otynkowanych element\u00f3w, zmniejszy prawdopodobie\u0144stwo kondensacji wilgoci.<\/p>\n<p style=\"text-align: justify;\">8. Po usuni\u0119ciu starych pow\u0142ok malarskich z powierzchni sklepienia oraz po punktowych uzupe\u0142nieniach tynk\u00f3w Lekkim tynkiem wapienno-cementowym MK5-L nale\u017cy ca\u0142\u0105 powierzchni\u0119 sklepienia:<br \/>\n&#8211; zagruntowa\u0107 Preparatem gruntuj\u0105cym MTG, zu\u017cycie ok. 0,3 l\/m\u00b2.<br \/>\n&#8211; przeszpachlowa\u0107 powierzchni\u0119 sklepienia Zapraw\u0105 szpachlow\u0105 wzmocniona w\u0142\u00f3knem SHF, o uziarnieniu 0-0,6 mm, zu\u017cycie ok. 4,0 kg\/m \u00b2. W warstw\u0119 zaprawy szpachlowej nale\u017cy wklei\u0107 siatk\u0119 z w\u0142\u00f3kna szklanego QMS. Siatka zmniejszy prawdopodobie\u0144stwo pojawienia si\u0119 rys na sklepieniu.<\/p>\n<p style=\"text-align: justify;\">9. Przeszpachlowa\u0107 \u015bciany w ca\u0142ym ko\u015bciele Zapraw\u0105 szpachlow\u0105 wzmocniona w\u0142\u00f3knem SHF, o uziarnieniu 0-0,6 mm, zu\u017cycie ok. 4,0 kg\/m \u00b2.<\/p>\n<p style=\"text-align: justify;\">10. Malowanie wn\u0119trza ko\u015bcio\u0142a (\u015bciany i sklepienia) np. Farb\u0105 silikatow\u0105 LK 300,zu\u017cycie ok. 2 x 0,2 l\/m\u00b2. Farba LK 300 jest farb\u0105 dyfuzyjn\u0105, zawiera dodatki biob\u00f3jcze.<\/p>\n<p style=\"text-align: justify;\">11. Po zako\u0144czeniu prac remontowych nale\u017cy udro\u017cni\u0107 na sta\u0142e otwory wentylacyjne nad naw\u0105 g\u0142\u00f3wn\u0105 oraz nad prezbiterium. Ich zadaniem jest jak najszybsze usuni\u0119cie z ko\u015bcio\u0142a wilgotnego powietrza wydychanego przez wiernych. Nale\u017cy zwr\u00f3ci\u0107 r\u00f3wnie\u017c uwag\u0119 na spos\u00f3b wietrzenia wn\u0119trza ko\u015bcio\u0142a. Zawilgocenie \u015bcian wod\u0105 kondensacyjn\u0105 mo\u017ce pojawi\u0107 si\u0119 na przedwio\u015bniu po okresie zimowym oraz podczas letnich upa\u0142\u00f3w po dniach ch\u0142odnych.<\/p>\n<p style=\"text-align: justify;\">Opracowa\u0142: mgr in\u017c. Maciej Noco\u0144<\/p>\n","protected":false},"excerpt":{"rendered":"<p>Maj\u0105c na uwadze planowane prace remontowe w Ko\u015bciele Parafialnym w W\u0119gli\u0144cu zwracamy si\u0119 z pro\u015bb\u0105 o wsparcie tego dzie\u0142a wp\u0142acaj\u0105c dobrowoln\u0105 kwot\u0119 na poni\u017csze konto Bankowe. Jednocze\u015bnie informuj\u0119, i\u017c takowe wp\u0142aty mo\u017cna w roku nast\u0119pnym odliczy\u0107 od podatku dochodowego. Numer konta bankowego w Banku Sp\u00f3\u0142dzielczym w W\u0119gli\u0144cu Na rzecz remontu Ko\u015bcio\u0142a Parafialnego Parafia Rzymsko Katolicka [&hellip;]<\/p>\n","protected":false},"author":1,"featured_media":212,"comment_status":"closed","ping_status":"open","sticky":false,"template":"","format":"standard","meta":[],"categories":[3],"tags":[],"_links":{"self":[{"href":"https:\/\/parafiawegliniec.pl\/index.php?rest_route=\/wp\/v2\/posts\/320"}],"collection":[{"href":"https:\/\/parafiawegliniec.pl\/index.php?rest_route=\/wp\/v2\/posts"}],"about":[{"href":"https:\/\/parafiawegliniec.pl\/index.php?rest_route=\/wp\/v2\/types\/post"}],"author":[{"embeddable":true,"href":"https:\/\/parafiawegliniec.pl\/index.php?rest_route=\/wp\/v2\/users\/1"}],"replies":[{"embeddable":true,"href":"https:\/\/parafiawegliniec.pl\/index.php?rest_route=%2Fwp%2Fv2%2Fcomments&post=320"}],"version-history":[{"count":1,"href":"https:\/\/parafiawegliniec.pl\/index.php?rest_route=\/wp\/v2\/posts\/320\/revisions"}],"predecessor-version":[{"id":321,"href":"https:\/\/parafiawegliniec.pl\/index.php?rest_route=\/wp\/v2\/posts\/320\/revisions\/321"}],"wp:featuredmedia":[{"embeddable":true,"href":"https:\/\/parafiawegliniec.pl\/index.php?rest_route=\/wp\/v2\/media\/212"}],"wp:attachment":[{"href":"https:\/\/parafiawegliniec.pl\/index.php?rest_route=%2Fwp%2Fv2%2Fmedia&parent=320"}],"wp:term":[{"taxonomy":"category","embeddable":true,"href":"https:\/\/parafiawegliniec.pl\/index.php?rest_route=%2Fwp%2Fv2%2Fcategories&post=320"},{"taxonomy":"post_tag","embeddable":true,"href":"https:\/\/parafiawegliniec.pl\/index.php?rest_route=%2Fwp%2Fv2%2Ftags&post=320"}],"curies":[{"name":"wp","href":"https:\/\/api.w.org\/{rel}","templated":true}]}}