{"id":3226,"date":"2024-08-12T07:35:56","date_gmt":"2024-08-12T07:35:56","guid":{"rendered":"https:\/\/parafiawegliniec.pl\/?p=3226"},"modified":"2024-08-12T07:44:39","modified_gmt":"2024-08-12T07:44:39","slug":"13-sierpnia-pokutny-dzien-fatimski","status":"publish","type":"post","link":"https:\/\/parafiawegliniec.pl\/?p=3226","title":{"rendered":"13 sierpnia &#8211; Pokutny Dzie\u0144 Fatimski"},"content":{"rendered":"\n<p><strong>W najbli\u017cszy wtorek 13 sierpnia prze\u017cywa\u0107 b\u0119dziemy kolejny Pokutny Dzie\u0144 Fatimski. <\/strong>Nasz\u0105 modlitw\u0119 rozpoczniemy w ko\u015bciele kolejowym o godz. 17:30 R\u00f3\u017ca\u0144cem Fatimskim, po kt\u00f3rym zostanie odprawiona Msza \u015bw. zako\u0144czona Procesj\u0105 Fatimsk\u0105 i Apelem Maryjnym. <\/p>\n\n\n\n<p>Na t\u0119 Maryjn\u0105, Pokutn\u0105, Fatimsk\u0105 modlitw\u0119 wszystkich z serca zapraszamy. <\/p>\n\n\n\n<p><strong>Wtorek 13 sierpnia, ko\u015bci\u00f3\u0142 kolejowy.<\/strong><\/p>\n","protected":false},"excerpt":{"rendered":"<p>W najbli\u017cszy wtorek 13 sierpnia prze\u017cywa\u0107 b\u0119dziemy kolejny Pokutny Dzie\u0144 Fatimski. Nasz\u0105 modlitw\u0119 rozpoczniemy w ko\u015bciele kolejowym o godz. 17:30 R\u00f3\u017ca\u0144cem Fatimskim, po kt\u00f3rym zostanie odprawiona Msza \u015bw. zako\u0144czona Procesj\u0105 Fatimsk\u0105 i Apelem Maryjnym. Na t\u0119 Maryjn\u0105, Pokutn\u0105, Fatimsk\u0105 modlitw\u0119 wszystkich z serca zapraszamy. Wtorek 13 sierpnia, ko\u015bci\u00f3\u0142 kolejowy.<\/p>\n","protected":false},"author":1,"featured_media":1205,"comment_status":"closed","ping_status":"open","sticky":false,"template":"","format":"standard","meta":[],"categories":[12],"tags":[],"_links":{"self":[{"href":"https:\/\/parafiawegliniec.pl\/index.php?rest_route=\/wp\/v2\/posts\/3226"}],"collection":[{"href":"https:\/\/parafiawegliniec.pl\/index.php?rest_route=\/wp\/v2\/posts"}],"about":[{"href":"https:\/\/parafiawegliniec.pl\/index.php?rest_route=\/wp\/v2\/types\/post"}],"author":[{"embeddable":true,"href":"https:\/\/parafiawegliniec.pl\/index.php?rest_route=\/wp\/v2\/users\/1"}],"replies":[{"embeddable":true,"href":"https:\/\/parafiawegliniec.pl\/index.php?rest_route=%2Fwp%2Fv2%2Fcomments&post=3226"}],"version-history":[{"count":1,"href":"https:\/\/parafiawegliniec.pl\/index.php?rest_route=\/wp\/v2\/posts\/3226\/revisions"}],"predecessor-version":[{"id":3227,"href":"https:\/\/parafiawegliniec.pl\/index.php?rest_route=\/wp\/v2\/posts\/3226\/revisions\/3227"}],"wp:featuredmedia":[{"embeddable":true,"href":"https:\/\/parafiawegliniec.pl\/index.php?rest_route=\/wp\/v2\/media\/1205"}],"wp:attachment":[{"href":"https:\/\/parafiawegliniec.pl\/index.php?rest_route=%2Fwp%2Fv2%2Fmedia&parent=3226"}],"wp:term":[{"taxonomy":"category","embeddable":true,"href":"https:\/\/parafiawegliniec.pl\/index.php?rest_route=%2Fwp%2Fv2%2Fcategories&post=3226"},{"taxonomy":"post_tag","embeddable":true,"href":"https:\/\/parafiawegliniec.pl\/index.php?rest_route=%2Fwp%2Fv2%2Ftags&post=3226"}],"curies":[{"name":"wp","href":"https:\/\/api.w.org\/{rel}","templated":true}]}}