{"id":3228,"date":"2024-08-12T07:38:02","date_gmt":"2024-08-12T07:38:02","guid":{"rendered":"https:\/\/parafiawegliniec.pl\/?p=3228"},"modified":"2024-08-12T07:45:08","modified_gmt":"2024-08-12T07:45:08","slug":"15-sierpnia-wniebowziecia-najswietszej-maryi-panny","status":"publish","type":"post","link":"https:\/\/parafiawegliniec.pl\/?p=3228","title":{"rendered":"15 sierpnia &#8211; Uroczysto\u015b\u0107 Wniebowzi\u0119cia Naj\u015bwi\u0119tszej Maryi Panny"},"content":{"rendered":"\n<p><strong>W najbli\u017cszy czwartek 15 sierpnia obchodzi\u0107 b\u0119dziemy radosn\u0105 uroczysto\u015b\u0107 Wniebowzi\u0119cia Naj\u015bwi\u0119tszej Maryi Panny. <\/strong><\/p>\n\n\n\n<p>Jest to jedna z najwi\u0119kszych uroczysto\u015bci maryjnych w ci\u0105gu roku. Msze \u015bw. w naszych \u015bwi\u0105tyniach wed\u0142ug porz\u0105dku niedzielnego o godz.: 8:00, 10:00 i 18:00 w ko\u015bciele parafialnym, o godz. 12:00 w ko\u015bciele kolejowym. <\/p>\n\n\n\n<p>Tego te\u017c dnia na ka\u017cdej Mszy \u015bw. \u015bwi\u0119ci\u0107 b\u0119dziemy wi\u0105zanki zi\u00f3\u0142 i kwiat\u00f3w symbolizuj\u0105ce nam najpi\u0119kniejszy owoc ziemi jakim jest Matka Bo\u017ca Wniebowzi\u0119ta. Te po\u015bwi\u0119cone wi\u0105zanki zi\u00f3\u0142 i kwiat\u00f3w umieszczamy przy domowym krzy\u017cu. <\/p>\n\n\n\n<p>Wszystkich do modlitwy tego radosnego dnia z serca zapraszamy!<\/p>\n","protected":false},"excerpt":{"rendered":"<p>W najbli\u017cszy czwartek 15 sierpnia obchodzi\u0107 b\u0119dziemy radosn\u0105 uroczysto\u015b\u0107 Wniebowzi\u0119cia Naj\u015bwi\u0119tszej Maryi Panny. Jest to jedna z najwi\u0119kszych uroczysto\u015bci maryjnych w ci\u0105gu roku. Msze \u015bw. w naszych \u015bwi\u0105tyniach wed\u0142ug porz\u0105dku niedzielnego o godz.: 8:00, 10:00 i 18:00 w ko\u015bciele parafialnym, o godz. 12:00 w ko\u015bciele kolejowym. Tego te\u017c dnia na ka\u017cdej Mszy \u015bw. \u015bwi\u0119ci\u0107 b\u0119dziemy [&hellip;]<\/p>\n","protected":false},"author":1,"featured_media":2844,"comment_status":"closed","ping_status":"open","sticky":false,"template":"","format":"standard","meta":[],"categories":[12],"tags":[],"_links":{"self":[{"href":"https:\/\/parafiawegliniec.pl\/index.php?rest_route=\/wp\/v2\/posts\/3228"}],"collection":[{"href":"https:\/\/parafiawegliniec.pl\/index.php?rest_route=\/wp\/v2\/posts"}],"about":[{"href":"https:\/\/parafiawegliniec.pl\/index.php?rest_route=\/wp\/v2\/types\/post"}],"author":[{"embeddable":true,"href":"https:\/\/parafiawegliniec.pl\/index.php?rest_route=\/wp\/v2\/users\/1"}],"replies":[{"embeddable":true,"href":"https:\/\/parafiawegliniec.pl\/index.php?rest_route=%2Fwp%2Fv2%2Fcomments&post=3228"}],"version-history":[{"count":2,"href":"https:\/\/parafiawegliniec.pl\/index.php?rest_route=\/wp\/v2\/posts\/3228\/revisions"}],"predecessor-version":[{"id":3230,"href":"https:\/\/parafiawegliniec.pl\/index.php?rest_route=\/wp\/v2\/posts\/3228\/revisions\/3230"}],"wp:featuredmedia":[{"embeddable":true,"href":"https:\/\/parafiawegliniec.pl\/index.php?rest_route=\/wp\/v2\/media\/2844"}],"wp:attachment":[{"href":"https:\/\/parafiawegliniec.pl\/index.php?rest_route=%2Fwp%2Fv2%2Fmedia&parent=3228"}],"wp:term":[{"taxonomy":"category","embeddable":true,"href":"https:\/\/parafiawegliniec.pl\/index.php?rest_route=%2Fwp%2Fv2%2Fcategories&post=3228"},{"taxonomy":"post_tag","embeddable":true,"href":"https:\/\/parafiawegliniec.pl\/index.php?rest_route=%2Fwp%2Fv2%2Ftags&post=3228"}],"curies":[{"name":"wp","href":"https:\/\/api.w.org\/{rel}","templated":true}]}}