{"id":3235,"date":"2024-08-15T17:41:02","date_gmt":"2024-08-15T17:41:02","guid":{"rendered":"https:\/\/parafiawegliniec.pl\/?p=3235"},"modified":"2024-08-15T17:41:02","modified_gmt":"2024-08-15T17:41:02","slug":"dzien-bozego-milosierdzia-piatek-16-sierpnia","status":"publish","type":"post","link":"https:\/\/parafiawegliniec.pl\/?p=3235","title":{"rendered":"Dzie\u0144 Bo\u017cego Mi\u0142osierdzia &#8211; pi\u0105tek, 16 sierpnia"},"content":{"rendered":"\n<p><strong>Ju\u017c jutro, w trzeci pi\u0105tek miesi\u0105ca sierpnia prze\u017cywa\u0107 b\u0119dziemy Dzie\u0144 Bo\u017cego Mi\u0142osierdzia.<\/strong><\/p>\n\n\n\n<p>Jak wcze\u015bniej zapowiadali\u015bmy o godz. 17:30 wystawienie Naj\u015bwi\u0119tszego Sakramentu i Koronka do mi\u0142osierdzia Bo\u017cego. Podczas wystawienia okazja do Spowiedzi \u015bwi\u0119tej. <\/p>\n\n\n\n<p>O godz. 18:00 Msza \u015bw. ku czci Bo\u017cego mi\u0142osierdzia, na zako\u0144czenie kt\u00f3rej przyjmiemy b\u0142ogos\u0142awie\u0144stwo relikwiami \u015bw. Siostry Faustyny Kowalskiej, sekretarki Bo\u017cego mi\u0142osierdzia. <\/p>\n\n\n\n<p>Do modlitwy wszystkich z serca zapraszamy!<\/p>\n","protected":false},"excerpt":{"rendered":"<p>Ju\u017c jutro, w trzeci pi\u0105tek miesi\u0105ca sierpnia prze\u017cywa\u0107 b\u0119dziemy Dzie\u0144 Bo\u017cego Mi\u0142osierdzia. Jak wcze\u015bniej zapowiadali\u015bmy o godz. 17:30 wystawienie Naj\u015bwi\u0119tszego Sakramentu i Koronka do mi\u0142osierdzia Bo\u017cego. Podczas wystawienia okazja do Spowiedzi \u015bwi\u0119tej. O godz. 18:00 Msza \u015bw. ku czci Bo\u017cego mi\u0142osierdzia, na zako\u0144czenie kt\u00f3rej przyjmiemy b\u0142ogos\u0142awie\u0144stwo relikwiami \u015bw. Siostry Faustyny Kowalskiej, sekretarki Bo\u017cego mi\u0142osierdzia. Do [&hellip;]<\/p>\n","protected":false},"author":1,"featured_media":3236,"comment_status":"closed","ping_status":"open","sticky":false,"template":"","format":"standard","meta":[],"categories":[12],"tags":[],"_links":{"self":[{"href":"https:\/\/parafiawegliniec.pl\/index.php?rest_route=\/wp\/v2\/posts\/3235"}],"collection":[{"href":"https:\/\/parafiawegliniec.pl\/index.php?rest_route=\/wp\/v2\/posts"}],"about":[{"href":"https:\/\/parafiawegliniec.pl\/index.php?rest_route=\/wp\/v2\/types\/post"}],"author":[{"embeddable":true,"href":"https:\/\/parafiawegliniec.pl\/index.php?rest_route=\/wp\/v2\/users\/1"}],"replies":[{"embeddable":true,"href":"https:\/\/parafiawegliniec.pl\/index.php?rest_route=%2Fwp%2Fv2%2Fcomments&post=3235"}],"version-history":[{"count":1,"href":"https:\/\/parafiawegliniec.pl\/index.php?rest_route=\/wp\/v2\/posts\/3235\/revisions"}],"predecessor-version":[{"id":3237,"href":"https:\/\/parafiawegliniec.pl\/index.php?rest_route=\/wp\/v2\/posts\/3235\/revisions\/3237"}],"wp:featuredmedia":[{"embeddable":true,"href":"https:\/\/parafiawegliniec.pl\/index.php?rest_route=\/wp\/v2\/media\/3236"}],"wp:attachment":[{"href":"https:\/\/parafiawegliniec.pl\/index.php?rest_route=%2Fwp%2Fv2%2Fmedia&parent=3235"}],"wp:term":[{"taxonomy":"category","embeddable":true,"href":"https:\/\/parafiawegliniec.pl\/index.php?rest_route=%2Fwp%2Fv2%2Fcategories&post=3235"},{"taxonomy":"post_tag","embeddable":true,"href":"https:\/\/parafiawegliniec.pl\/index.php?rest_route=%2Fwp%2Fv2%2Ftags&post=3235"}],"curies":[{"name":"wp","href":"https:\/\/api.w.org\/{rel}","templated":true}]}}