{"id":3242,"date":"2024-08-18T08:59:01","date_gmt":"2024-08-18T08:59:01","guid":{"rendered":"https:\/\/parafiawegliniec.pl\/?p=3242"},"modified":"2024-08-18T08:59:01","modified_gmt":"2024-08-18T08:59:01","slug":"uroczystosc-matki-boskiej-czestochowskiej","status":"publish","type":"post","link":"https:\/\/parafiawegliniec.pl\/?p=3242","title":{"rendered":"Uroczysto\u015b\u0107 Matki Boskiej Cz\u0119stochowskiej"},"content":{"rendered":"\n<p><strong>W poniedzia\u0142ek 26 sierpnia, prze\u017cywa\u0107 b\u0119dziemy uroczysto\u015b\u0107 Matki Boskiej Cz\u0119stochowskiej, kt\u00f3rej wizerunek znajduje si\u0119 w o\u0142tarzu g\u0142\u00f3wnym naszej \u015bwi\u0105tyni parafialnej. <\/strong><\/p>\n\n\n\n<p>Msze \u015bw. tego uroczystego dnia w naszym ko\u015bciele parafialnym o godz. 9:00 oraz wieczorna o 18:00. <\/p>\n\n\n\n<p>Zadbajmy by ta, kt\u00f3rej oblicze widzimy zawsze wchodz\u0105c do naszej \u015bwi\u0105tyni; kt\u00f3rej oblicze czczone jest w duchowej stolicy Polski, czyli Sanktuarium Jasnog\u00f3rskim; kt\u00f3ra przez wiele lat ws\u0142uchuje si\u0119 w naszej modlitwy dzi\u0119kczynne, pro\u015bby, przeproszenia, zosta\u0142a przez nas modlitewnie uszanowana i otoczona mi\u0142o\u015bci\u0105 tego uroczystego dnia. <\/p>\n\n\n\n<p>Wszystkich do modlitwy z serca zapraszamy!<\/p>\n","protected":false},"excerpt":{"rendered":"<p>W poniedzia\u0142ek 26 sierpnia, prze\u017cywa\u0107 b\u0119dziemy uroczysto\u015b\u0107 Matki Boskiej Cz\u0119stochowskiej, kt\u00f3rej wizerunek znajduje si\u0119 w o\u0142tarzu g\u0142\u00f3wnym naszej \u015bwi\u0105tyni parafialnej. Msze \u015bw. tego uroczystego dnia w naszym ko\u015bciele parafialnym o godz. 9:00 oraz wieczorna o 18:00. Zadbajmy by ta, kt\u00f3rej oblicze widzimy zawsze wchodz\u0105c do naszej \u015bwi\u0105tyni; kt\u00f3rej oblicze czczone jest w duchowej stolicy Polski, [&hellip;]<\/p>\n","protected":false},"author":1,"featured_media":3243,"comment_status":"closed","ping_status":"open","sticky":false,"template":"","format":"standard","meta":[],"categories":[12],"tags":[],"_links":{"self":[{"href":"https:\/\/parafiawegliniec.pl\/index.php?rest_route=\/wp\/v2\/posts\/3242"}],"collection":[{"href":"https:\/\/parafiawegliniec.pl\/index.php?rest_route=\/wp\/v2\/posts"}],"about":[{"href":"https:\/\/parafiawegliniec.pl\/index.php?rest_route=\/wp\/v2\/types\/post"}],"author":[{"embeddable":true,"href":"https:\/\/parafiawegliniec.pl\/index.php?rest_route=\/wp\/v2\/users\/1"}],"replies":[{"embeddable":true,"href":"https:\/\/parafiawegliniec.pl\/index.php?rest_route=%2Fwp%2Fv2%2Fcomments&post=3242"}],"version-history":[{"count":1,"href":"https:\/\/parafiawegliniec.pl\/index.php?rest_route=\/wp\/v2\/posts\/3242\/revisions"}],"predecessor-version":[{"id":3244,"href":"https:\/\/parafiawegliniec.pl\/index.php?rest_route=\/wp\/v2\/posts\/3242\/revisions\/3244"}],"wp:featuredmedia":[{"embeddable":true,"href":"https:\/\/parafiawegliniec.pl\/index.php?rest_route=\/wp\/v2\/media\/3243"}],"wp:attachment":[{"href":"https:\/\/parafiawegliniec.pl\/index.php?rest_route=%2Fwp%2Fv2%2Fmedia&parent=3242"}],"wp:term":[{"taxonomy":"category","embeddable":true,"href":"https:\/\/parafiawegliniec.pl\/index.php?rest_route=%2Fwp%2Fv2%2Fcategories&post=3242"},{"taxonomy":"post_tag","embeddable":true,"href":"https:\/\/parafiawegliniec.pl\/index.php?rest_route=%2Fwp%2Fv2%2Ftags&post=3242"}],"curies":[{"name":"wp","href":"https:\/\/api.w.org\/{rel}","templated":true}]}}