{"id":3249,"date":"2024-08-28T16:25:52","date_gmt":"2024-08-28T16:25:52","guid":{"rendered":"https:\/\/parafiawegliniec.pl\/?p=3249"},"modified":"2024-08-28T16:25:52","modified_gmt":"2024-08-28T16:25:52","slug":"nowy-rok-szkolny-2","status":"publish","type":"post","link":"https:\/\/parafiawegliniec.pl\/?p=3249","title":{"rendered":"Nowy rok szkolny"},"content":{"rendered":"\n<p><strong>W przysz\u0142\u0105 niedziel\u0119 1 wrze\u015bnia na ka\u017cdej Mszy \u015bw. modli\u0107 si\u0119 b\u0119dziemy za dzieci i m\u0142odzie\u017c rozpoczynaj\u0105ce w poniedzia\u0142ek nowy rok szkolny i katechetyczny,<\/strong> za wszystkich katechet\u00f3w i nauczycieli, za wszystkich pracownik\u00f3w o\u015bwiaty, aby Polska Szko\u0142a wychowywa\u0142a do \u017cycia ludzi, kt\u00f3rzy szanuj\u0105 Boga i bli\u017aniego, kochaj\u0105 Ojczyzn\u0119 Matk\u0119 i na Jezusowej Ewangelii \u2013 na s\u0142owach \u017cycia wiecznego, buduj\u0105 swoj\u0105 codzienno\u015b\u0107. Wszystkich do modlitwy serdecznie zapraszamy!<\/p>\n","protected":false},"excerpt":{"rendered":"<p>W przysz\u0142\u0105 niedziel\u0119 1 wrze\u015bnia na ka\u017cdej Mszy \u015bw. modli\u0107 si\u0119 b\u0119dziemy za dzieci i m\u0142odzie\u017c rozpoczynaj\u0105ce w poniedzia\u0142ek nowy rok szkolny i katechetyczny, za wszystkich katechet\u00f3w i nauczycieli, za wszystkich pracownik\u00f3w o\u015bwiaty, aby Polska Szko\u0142a wychowywa\u0142a do \u017cycia ludzi, kt\u00f3rzy szanuj\u0105 Boga i bli\u017aniego, kochaj\u0105 Ojczyzn\u0119 Matk\u0119 i na Jezusowej Ewangelii \u2013 na s\u0142owach [&hellip;]<\/p>\n","protected":false},"author":1,"featured_media":3250,"comment_status":"closed","ping_status":"open","sticky":false,"template":"","format":"standard","meta":[],"categories":[12],"tags":[],"_links":{"self":[{"href":"https:\/\/parafiawegliniec.pl\/index.php?rest_route=\/wp\/v2\/posts\/3249"}],"collection":[{"href":"https:\/\/parafiawegliniec.pl\/index.php?rest_route=\/wp\/v2\/posts"}],"about":[{"href":"https:\/\/parafiawegliniec.pl\/index.php?rest_route=\/wp\/v2\/types\/post"}],"author":[{"embeddable":true,"href":"https:\/\/parafiawegliniec.pl\/index.php?rest_route=\/wp\/v2\/users\/1"}],"replies":[{"embeddable":true,"href":"https:\/\/parafiawegliniec.pl\/index.php?rest_route=%2Fwp%2Fv2%2Fcomments&post=3249"}],"version-history":[{"count":1,"href":"https:\/\/parafiawegliniec.pl\/index.php?rest_route=\/wp\/v2\/posts\/3249\/revisions"}],"predecessor-version":[{"id":3251,"href":"https:\/\/parafiawegliniec.pl\/index.php?rest_route=\/wp\/v2\/posts\/3249\/revisions\/3251"}],"wp:featuredmedia":[{"embeddable":true,"href":"https:\/\/parafiawegliniec.pl\/index.php?rest_route=\/wp\/v2\/media\/3250"}],"wp:attachment":[{"href":"https:\/\/parafiawegliniec.pl\/index.php?rest_route=%2Fwp%2Fv2%2Fmedia&parent=3249"}],"wp:term":[{"taxonomy":"category","embeddable":true,"href":"https:\/\/parafiawegliniec.pl\/index.php?rest_route=%2Fwp%2Fv2%2Fcategories&post=3249"},{"taxonomy":"post_tag","embeddable":true,"href":"https:\/\/parafiawegliniec.pl\/index.php?rest_route=%2Fwp%2Fv2%2Ftags&post=3249"}],"curies":[{"name":"wp","href":"https:\/\/api.w.org\/{rel}","templated":true}]}}