{"id":3260,"date":"2024-09-10T15:06:41","date_gmt":"2024-09-10T15:06:41","guid":{"rendered":"https:\/\/parafiawegliniec.pl\/?p=3260"},"modified":"2024-09-10T15:06:41","modified_gmt":"2024-09-10T15:06:41","slug":"pokutny-dzien-fatimski-13-wrzesnia","status":"publish","type":"post","link":"https:\/\/parafiawegliniec.pl\/?p=3260","title":{"rendered":"Pokutny Dzie\u0144 Fatimski &#8211; 13 wrze\u015bnia"},"content":{"rendered":"\n<p><strong>Ju\u017c w najbli\u017cszy pi\u0105tek 13 wrze\u015bnia prze\u017cywa\u0107 b\u0119dziemy kolejny Pokutny Dzie\u0144 Fatimski.<\/strong><\/p>\n\n\n\n<p>Nasz\u0105 modlitw\u0119 rozpoczniemy w ko\u015bciele kolejowym o godz. 17:30 R\u00f3\u017ca\u0144cem Fatimskim, bezpo\u015brednio po kt\u00f3rym sprawowana b\u0119dzie Eucharystia za wstawiennictwem Matki Boskiej Fatimskiej. <\/p>\n\n\n\n<p>Na zako\u0144czenie wyjedziemy w Procesji Fatimskiej wok\u00f3\u0142 \u015bwi\u0105tyni, kt\u00f3r\u0105 zako\u0144czymy Apelem Maryjnym. <\/p>\n\n\n\n<p>Wszystkich do tej Pokutnej, Maryjnej, Fatimskiej modlitwy z serca zapraszamy.<\/p>\n","protected":false},"excerpt":{"rendered":"<p>Ju\u017c w najbli\u017cszy pi\u0105tek 13 wrze\u015bnia prze\u017cywa\u0107 b\u0119dziemy kolejny Pokutny Dzie\u0144 Fatimski. Nasz\u0105 modlitw\u0119 rozpoczniemy w ko\u015bciele kolejowym o godz. 17:30 R\u00f3\u017ca\u0144cem Fatimskim, bezpo\u015brednio po kt\u00f3rym sprawowana b\u0119dzie Eucharystia za wstawiennictwem Matki Boskiej Fatimskiej. Na zako\u0144czenie wyjedziemy w Procesji Fatimskiej wok\u00f3\u0142 \u015bwi\u0105tyni, kt\u00f3r\u0105 zako\u0144czymy Apelem Maryjnym. Wszystkich do tej Pokutnej, Maryjnej, Fatimskiej modlitwy z serca [&hellip;]<\/p>\n","protected":false},"author":1,"featured_media":3261,"comment_status":"closed","ping_status":"open","sticky":false,"template":"","format":"standard","meta":[],"categories":[12],"tags":[],"_links":{"self":[{"href":"https:\/\/parafiawegliniec.pl\/index.php?rest_route=\/wp\/v2\/posts\/3260"}],"collection":[{"href":"https:\/\/parafiawegliniec.pl\/index.php?rest_route=\/wp\/v2\/posts"}],"about":[{"href":"https:\/\/parafiawegliniec.pl\/index.php?rest_route=\/wp\/v2\/types\/post"}],"author":[{"embeddable":true,"href":"https:\/\/parafiawegliniec.pl\/index.php?rest_route=\/wp\/v2\/users\/1"}],"replies":[{"embeddable":true,"href":"https:\/\/parafiawegliniec.pl\/index.php?rest_route=%2Fwp%2Fv2%2Fcomments&post=3260"}],"version-history":[{"count":1,"href":"https:\/\/parafiawegliniec.pl\/index.php?rest_route=\/wp\/v2\/posts\/3260\/revisions"}],"predecessor-version":[{"id":3262,"href":"https:\/\/parafiawegliniec.pl\/index.php?rest_route=\/wp\/v2\/posts\/3260\/revisions\/3262"}],"wp:featuredmedia":[{"embeddable":true,"href":"https:\/\/parafiawegliniec.pl\/index.php?rest_route=\/wp\/v2\/media\/3261"}],"wp:attachment":[{"href":"https:\/\/parafiawegliniec.pl\/index.php?rest_route=%2Fwp%2Fv2%2Fmedia&parent=3260"}],"wp:term":[{"taxonomy":"category","embeddable":true,"href":"https:\/\/parafiawegliniec.pl\/index.php?rest_route=%2Fwp%2Fv2%2Fcategories&post=3260"},{"taxonomy":"post_tag","embeddable":true,"href":"https:\/\/parafiawegliniec.pl\/index.php?rest_route=%2Fwp%2Fv2%2Ftags&post=3260"}],"curies":[{"name":"wp","href":"https:\/\/api.w.org\/{rel}","templated":true}]}}