{"id":3268,"date":"2024-09-17T18:29:00","date_gmt":"2024-09-17T18:29:00","guid":{"rendered":"https:\/\/parafiawegliniec.pl\/?p=3268"},"modified":"2024-09-19T18:31:32","modified_gmt":"2024-09-19T18:31:32","slug":"dzien-bozego-milosierdzia-piatek-20-09-2024","status":"publish","type":"post","link":"https:\/\/parafiawegliniec.pl\/?p=3268","title":{"rendered":"Dzie\u0144 Bo\u017cego Mi\u0142osierdzia &#8211; pi\u0105tek, 20.09.2024"},"content":{"rendered":"\n<p><strong>W najbli\u017cszy pi\u0105tek 20 wrze\u015bnia, to trzeci miesi\u0105ca \u2013 Dzie\u0144 Bo\u017cego Mi\u0142osierdzia.<\/strong> <\/p>\n\n\n\n<p>Nasz\u0105 modlitw\u0119 tego dnia rozpoczniemy Koronk\u0105 do Bo\u017cego Mi\u0142osierdzia o godz. 17:30, bezpo\u015brednio po kt\u00f3rej sprawowana b\u0119dzie Eucharystia ku czci Bo\u017cego Mi\u0142osierdzia, na zako\u0144czenie kt\u00f3rej przyjmiemy b\u0142ogos\u0142awie\u0144stwo relikwiami \u015bw. Jana Paw\u0142a II, aposto\u0142a Bo\u017cego mi\u0142osierdzia. <\/p>\n\n\n\n<p>Do modlitwy w Dniu Bo\u017cego Mi\u0142osierdzia wszystkich z serca zapraszamy!<\/p>\n","protected":false},"excerpt":{"rendered":"<p>W najbli\u017cszy pi\u0105tek 20 wrze\u015bnia, to trzeci miesi\u0105ca \u2013 Dzie\u0144 Bo\u017cego Mi\u0142osierdzia. Nasz\u0105 modlitw\u0119 tego dnia rozpoczniemy Koronk\u0105 do Bo\u017cego Mi\u0142osierdzia o godz. 17:30, bezpo\u015brednio po kt\u00f3rej sprawowana b\u0119dzie Eucharystia ku czci Bo\u017cego Mi\u0142osierdzia, na zako\u0144czenie kt\u00f3rej przyjmiemy b\u0142ogos\u0142awie\u0144stwo relikwiami \u015bw. Jana Paw\u0142a II, aposto\u0142a Bo\u017cego mi\u0142osierdzia. Do modlitwy w Dniu Bo\u017cego Mi\u0142osierdzia wszystkich z [&hellip;]<\/p>\n","protected":false},"author":1,"featured_media":1208,"comment_status":"closed","ping_status":"open","sticky":false,"template":"","format":"standard","meta":[],"categories":[12],"tags":[],"_links":{"self":[{"href":"https:\/\/parafiawegliniec.pl\/index.php?rest_route=\/wp\/v2\/posts\/3268"}],"collection":[{"href":"https:\/\/parafiawegliniec.pl\/index.php?rest_route=\/wp\/v2\/posts"}],"about":[{"href":"https:\/\/parafiawegliniec.pl\/index.php?rest_route=\/wp\/v2\/types\/post"}],"author":[{"embeddable":true,"href":"https:\/\/parafiawegliniec.pl\/index.php?rest_route=\/wp\/v2\/users\/1"}],"replies":[{"embeddable":true,"href":"https:\/\/parafiawegliniec.pl\/index.php?rest_route=%2Fwp%2Fv2%2Fcomments&post=3268"}],"version-history":[{"count":1,"href":"https:\/\/parafiawegliniec.pl\/index.php?rest_route=\/wp\/v2\/posts\/3268\/revisions"}],"predecessor-version":[{"id":3269,"href":"https:\/\/parafiawegliniec.pl\/index.php?rest_route=\/wp\/v2\/posts\/3268\/revisions\/3269"}],"wp:featuredmedia":[{"embeddable":true,"href":"https:\/\/parafiawegliniec.pl\/index.php?rest_route=\/wp\/v2\/media\/1208"}],"wp:attachment":[{"href":"https:\/\/parafiawegliniec.pl\/index.php?rest_route=%2Fwp%2Fv2%2Fmedia&parent=3268"}],"wp:term":[{"taxonomy":"category","embeddable":true,"href":"https:\/\/parafiawegliniec.pl\/index.php?rest_route=%2Fwp%2Fv2%2Fcategories&post=3268"},{"taxonomy":"post_tag","embeddable":true,"href":"https:\/\/parafiawegliniec.pl\/index.php?rest_route=%2Fwp%2Fv2%2Ftags&post=3268"}],"curies":[{"name":"wp","href":"https:\/\/api.w.org\/{rel}","templated":true}]}}