{"id":3275,"date":"2024-09-30T10:46:01","date_gmt":"2024-09-30T10:46:01","guid":{"rendered":"https:\/\/parafiawegliniec.pl\/?p=3275"},"modified":"2024-09-30T10:46:01","modified_gmt":"2024-09-30T10:46:01","slug":"pazdziernik-miesiacem-rozanca-swietego-5","status":"publish","type":"post","link":"https:\/\/parafiawegliniec.pl\/?p=3275","title":{"rendered":"Pa\u017adziernik miesi\u0105cem R\u00f3\u017ca\u0144ca \u015awi\u0119tego"},"content":{"rendered":"\n<p><strong>Od wtorku 01 pa\u017adziernika rozpoczynamy miesi\u0105c szczeg\u00f3lnej modlitwy R\u00f3\u017ca\u0144cowej.<\/strong> <\/p>\n\n\n\n<p>Ka\u017cdego dnia <strong>o godz. 17:30<\/strong> gromadzimy si\u0119 na Nabo\u017ce\u0144stwach Pa\u017adziernikowych, aby modl\u0105c si\u0119 na R\u00f3\u017ca\u0144cu wyprosi\u0107 potrzebne \u0142aski dla naszych Rodzin, dla ofiar powodzi, dla dzieci i m\u0142odzie\u017cy kt\u00f3rzy s\u0105 nadziej\u0105 Ko\u015bcio\u0142a. <\/p>\n\n\n\n<p>Wszystkich do modlitwy z serca zapraszamy!<\/p>\n","protected":false},"excerpt":{"rendered":"<p>Od wtorku 01 pa\u017adziernika rozpoczynamy miesi\u0105c szczeg\u00f3lnej modlitwy R\u00f3\u017ca\u0144cowej. Ka\u017cdego dnia o godz. 17:30 gromadzimy si\u0119 na Nabo\u017ce\u0144stwach Pa\u017adziernikowych, aby modl\u0105c si\u0119 na R\u00f3\u017ca\u0144cu wyprosi\u0107 potrzebne \u0142aski dla naszych Rodzin, dla ofiar powodzi, dla dzieci i m\u0142odzie\u017cy kt\u00f3rzy s\u0105 nadziej\u0105 Ko\u015bcio\u0142a. Wszystkich do modlitwy z serca zapraszamy!<\/p>\n","protected":false},"author":1,"featured_media":401,"comment_status":"closed","ping_status":"open","sticky":false,"template":"","format":"standard","meta":[],"categories":[12],"tags":[],"_links":{"self":[{"href":"https:\/\/parafiawegliniec.pl\/index.php?rest_route=\/wp\/v2\/posts\/3275"}],"collection":[{"href":"https:\/\/parafiawegliniec.pl\/index.php?rest_route=\/wp\/v2\/posts"}],"about":[{"href":"https:\/\/parafiawegliniec.pl\/index.php?rest_route=\/wp\/v2\/types\/post"}],"author":[{"embeddable":true,"href":"https:\/\/parafiawegliniec.pl\/index.php?rest_route=\/wp\/v2\/users\/1"}],"replies":[{"embeddable":true,"href":"https:\/\/parafiawegliniec.pl\/index.php?rest_route=%2Fwp%2Fv2%2Fcomments&post=3275"}],"version-history":[{"count":1,"href":"https:\/\/parafiawegliniec.pl\/index.php?rest_route=\/wp\/v2\/posts\/3275\/revisions"}],"predecessor-version":[{"id":3276,"href":"https:\/\/parafiawegliniec.pl\/index.php?rest_route=\/wp\/v2\/posts\/3275\/revisions\/3276"}],"wp:featuredmedia":[{"embeddable":true,"href":"https:\/\/parafiawegliniec.pl\/index.php?rest_route=\/wp\/v2\/media\/401"}],"wp:attachment":[{"href":"https:\/\/parafiawegliniec.pl\/index.php?rest_route=%2Fwp%2Fv2%2Fmedia&parent=3275"}],"wp:term":[{"taxonomy":"category","embeddable":true,"href":"https:\/\/parafiawegliniec.pl\/index.php?rest_route=%2Fwp%2Fv2%2Fcategories&post=3275"},{"taxonomy":"post_tag","embeddable":true,"href":"https:\/\/parafiawegliniec.pl\/index.php?rest_route=%2Fwp%2Fv2%2Ftags&post=3275"}],"curies":[{"name":"wp","href":"https:\/\/api.w.org\/{rel}","templated":true}]}}