{"id":331,"date":"2017-06-12T08:56:43","date_gmt":"2017-06-12T08:56:43","guid":{"rendered":"http:\/\/parafiawegliniec.pl\/?p=331"},"modified":"2017-06-17T16:35:07","modified_gmt":"2017-06-17T16:35:07","slug":"boze-cialo","status":"publish","type":"post","link":"https:\/\/parafiawegliniec.pl\/?p=331","title":{"rendered":"Bo\u017ce Cia\u0142o (+galeria)"},"content":{"rendered":"<p style=\"text-align: justify;\"><strong>W czwartek b\u0119dziemy prze\u017cywa\u0107 uroczysto\u015b\u0107 Naj\u015bwi\u0119tszego Cia\u0142a i Krwi Chrystusa- Bo\u017ce Cia\u0142o<\/strong>. Msze \u015bw. b\u0119d\u0105 odprawiane o godz.8.00, <strong>10.00 &#8211; z procesj\u0105 z ko\u015bcio\u0142a kolejowego do 4 o\u0142tarzy<\/strong> oraz o godzinie 18.00.<\/p>\n<p style=\"text-align: justify;\">Prosimy naszych Parafian o dekoracj\u0119 dom\u00f3w, okien wizerunkami religijnymi szczeg\u00f3lnie na trasie procesji, kt\u00f3ra b\u0119dzie w tym roku prowadzi\u0142a z ko\u015bcio\u0142a &#8222;kolejowego&#8221; ulicami: Sikorskiego, Wojska Polskiego, K. Wojty\u0142y do ko\u015bcio\u0142a parafialnego.<\/p>\n<p style=\"text-align: justify;\"><strong>Prosimy tak\u017ce o przygotowanie 4 o\u0142tarzy:<\/strong> 1 o\u0142tarz &#8211; Kolejarze- ul. Sikorskiego, 2 o\u0142tarz &#8211; Ko\u0142o \u017bywego R\u00f3\u017ca\u0144ca &#8211; ul. Wojska Polskiego, 3 o\u0142tarz- Stra\u017cacy &#8211; ul. K. Wojty\u0142y, 4 o\u0142tarz &#8211; przy grocie Matki Bo\u017cej &#8211; Ministranci i m\u0142odzie\u017c.<\/p>\n<p style=\"text-align: justify;\">Bo\u017ce Cia\u0142o 2017:<\/p>\n<p>[Best_Wordpress_Gallery id=&#8221;11&#8243; gal_title=&#8221;Bo\u017ce Cia\u0142o 2017&#8243;]<\/p>\n","protected":false},"excerpt":{"rendered":"<p>W czwartek b\u0119dziemy prze\u017cywa\u0107 uroczysto\u015b\u0107 Naj\u015bwi\u0119tszego Cia\u0142a i Krwi Chrystusa- Bo\u017ce Cia\u0142o. Msze \u015bw. b\u0119d\u0105 odprawiane o godz.8.00, 10.00 &#8211; z procesj\u0105 z ko\u015bcio\u0142a kolejowego do 4 o\u0142tarzy oraz o godzinie 18.00. Prosimy naszych Parafian o dekoracj\u0119 dom\u00f3w, okien wizerunkami religijnymi szczeg\u00f3lnie na trasie procesji, kt\u00f3ra b\u0119dzie w tym roku prowadzi\u0142a z ko\u015bcio\u0142a &#8222;kolejowego&#8221; ulicami: [&hellip;]<\/p>\n","protected":false},"author":1,"featured_media":332,"comment_status":"closed","ping_status":"open","sticky":false,"template":"","format":"standard","meta":[],"categories":[3],"tags":[],"_links":{"self":[{"href":"https:\/\/parafiawegliniec.pl\/index.php?rest_route=\/wp\/v2\/posts\/331"}],"collection":[{"href":"https:\/\/parafiawegliniec.pl\/index.php?rest_route=\/wp\/v2\/posts"}],"about":[{"href":"https:\/\/parafiawegliniec.pl\/index.php?rest_route=\/wp\/v2\/types\/post"}],"author":[{"embeddable":true,"href":"https:\/\/parafiawegliniec.pl\/index.php?rest_route=\/wp\/v2\/users\/1"}],"replies":[{"embeddable":true,"href":"https:\/\/parafiawegliniec.pl\/index.php?rest_route=%2Fwp%2Fv2%2Fcomments&post=331"}],"version-history":[{"count":2,"href":"https:\/\/parafiawegliniec.pl\/index.php?rest_route=\/wp\/v2\/posts\/331\/revisions"}],"predecessor-version":[{"id":336,"href":"https:\/\/parafiawegliniec.pl\/index.php?rest_route=\/wp\/v2\/posts\/331\/revisions\/336"}],"wp:featuredmedia":[{"embeddable":true,"href":"https:\/\/parafiawegliniec.pl\/index.php?rest_route=\/wp\/v2\/media\/332"}],"wp:attachment":[{"href":"https:\/\/parafiawegliniec.pl\/index.php?rest_route=%2Fwp%2Fv2%2Fmedia&parent=331"}],"wp:term":[{"taxonomy":"category","embeddable":true,"href":"https:\/\/parafiawegliniec.pl\/index.php?rest_route=%2Fwp%2Fv2%2Fcategories&post=331"},{"taxonomy":"post_tag","embeddable":true,"href":"https:\/\/parafiawegliniec.pl\/index.php?rest_route=%2Fwp%2Fv2%2Ftags&post=331"}],"curies":[{"name":"wp","href":"https:\/\/api.w.org\/{rel}","templated":true}]}}