{"id":338,"date":"2017-06-17T16:57:15","date_gmt":"2017-06-17T16:57:15","guid":{"rendered":"http:\/\/parafiawegliniec.pl\/?p=338"},"modified":"2017-06-17T16:58:04","modified_gmt":"2017-06-17T16:58:04","slug":"prace-przy-kosciele-parafilanym","status":"publish","type":"post","link":"https:\/\/parafiawegliniec.pl\/?p=338","title":{"rendered":"Prace przy ko\u015bciele parafialnym"},"content":{"rendered":"<p style=\"text-align: justify;\">W drugim tygodniu czerwca przeprowadzono prace przy ko\u015bciele parafialnym. Odnowiona zosta\u0142a &#8222;Grota Matki Bo\u017cej&#8221;, przed ko\u015bcio\u0142em postawiony zosta\u0142 nowy krzy\u017c misyjny oraz wyremontowano podjazd dla os\u00f3b niepe\u0142nosprawnych przy wej\u015bciu do \u015bwi\u0105tyni. Serdecznie dzi\u0119kuj\u0119 Parafianom za pomoc w przeprowadzeniu prac.<\/p>\n<p>[Best_Wordpress_Gallery id=&#8221;13&#8243; gal_title=&#8221;prace przy kosciele 2017&#8243;]<\/p>\n","protected":false},"excerpt":{"rendered":"<p>W drugim tygodniu czerwca przeprowadzono prace przy ko\u015bciele parafialnym. Odnowiona zosta\u0142a &#8222;Grota Matki Bo\u017cej&#8221;, przed ko\u015bcio\u0142em postawiony zosta\u0142 nowy krzy\u017c misyjny oraz wyremontowano podjazd dla os\u00f3b niepe\u0142nosprawnych przy wej\u015bciu do \u015bwi\u0105tyni. Serdecznie dzi\u0119kuj\u0119 Parafianom za pomoc w przeprowadzeniu prac. [Best_Wordpress_Gallery id=&#8221;13&#8243; gal_title=&#8221;prace przy kosciele 2017&#8243;]<\/p>\n","protected":false},"author":1,"featured_media":339,"comment_status":"closed","ping_status":"open","sticky":false,"template":"","format":"standard","meta":[],"categories":[3],"tags":[],"_links":{"self":[{"href":"https:\/\/parafiawegliniec.pl\/index.php?rest_route=\/wp\/v2\/posts\/338"}],"collection":[{"href":"https:\/\/parafiawegliniec.pl\/index.php?rest_route=\/wp\/v2\/posts"}],"about":[{"href":"https:\/\/parafiawegliniec.pl\/index.php?rest_route=\/wp\/v2\/types\/post"}],"author":[{"embeddable":true,"href":"https:\/\/parafiawegliniec.pl\/index.php?rest_route=\/wp\/v2\/users\/1"}],"replies":[{"embeddable":true,"href":"https:\/\/parafiawegliniec.pl\/index.php?rest_route=%2Fwp%2Fv2%2Fcomments&post=338"}],"version-history":[{"count":2,"href":"https:\/\/parafiawegliniec.pl\/index.php?rest_route=\/wp\/v2\/posts\/338\/revisions"}],"predecessor-version":[{"id":341,"href":"https:\/\/parafiawegliniec.pl\/index.php?rest_route=\/wp\/v2\/posts\/338\/revisions\/341"}],"wp:featuredmedia":[{"embeddable":true,"href":"https:\/\/parafiawegliniec.pl\/index.php?rest_route=\/wp\/v2\/media\/339"}],"wp:attachment":[{"href":"https:\/\/parafiawegliniec.pl\/index.php?rest_route=%2Fwp%2Fv2%2Fmedia&parent=338"}],"wp:term":[{"taxonomy":"category","embeddable":true,"href":"https:\/\/parafiawegliniec.pl\/index.php?rest_route=%2Fwp%2Fv2%2Fcategories&post=338"},{"taxonomy":"post_tag","embeddable":true,"href":"https:\/\/parafiawegliniec.pl\/index.php?rest_route=%2Fwp%2Fv2%2Ftags&post=338"}],"curies":[{"name":"wp","href":"https:\/\/api.w.org\/{rel}","templated":true}]}}