{"id":343,"date":"2017-06-18T15:24:35","date_gmt":"2017-06-18T15:24:35","guid":{"rendered":"http:\/\/parafiawegliniec.pl\/?p=343"},"modified":"2017-06-25T19:19:42","modified_gmt":"2017-06-25T19:19:42","slug":"odpust-parafialny","status":"publish","type":"post","link":"https:\/\/parafiawegliniec.pl\/?p=343","title":{"rendered":"Odpust parafialny (+galeria)"},"content":{"rendered":"<p style=\"text-align: justify;\">Zapraszam wszystkich Parafian na uroczysto\u015b\u0107 odpustow\u0105 w naszej Parafii w <strong>pi\u0105tek \u2013 23 czerwca.<\/strong> Msze \u015bw. w tym uroczystym dniu b\u0119d\u0105 sprawowane o godz.10.00 i o godz. 18.00. <strong>Uroczystej Mszy \u015bw. o godz. 18.00<\/strong> b\u0119dzie przewodniczy\u0142 i wyg\u0142osi homili\u0119 Ks. Pra\u0142at Dr Leopold Rzodkiewicz \u2013 wikariusz biskupi z Legnicy oraz Ksi\u0119\u017ca Go\u015bcie z Goerlitz i Ksi\u0119\u017ca Go\u015bcie. Bardzo prosz\u0119 o obecno\u015b\u0107 poczt\u00f3w sztandarowych oraz dzieci komunijnych.<\/p>\n<p style=\"text-align: justify;\">Galeria:<\/p>\n<p>[Best_Wordpress_Gallery id=&#8221;14&#8243; gal_title=&#8221;Odpust 2017&#8243;]<\/p>\n","protected":false},"excerpt":{"rendered":"<p>Zapraszam wszystkich Parafian na uroczysto\u015b\u0107 odpustow\u0105 w naszej Parafii w pi\u0105tek \u2013 23 czerwca. Msze \u015bw. w tym uroczystym dniu b\u0119d\u0105 sprawowane o godz.10.00 i o godz. 18.00. Uroczystej Mszy \u015bw. o godz. 18.00 b\u0119dzie przewodniczy\u0142 i wyg\u0142osi homili\u0119 Ks. Pra\u0142at Dr Leopold Rzodkiewicz \u2013 wikariusz biskupi z Legnicy oraz Ksi\u0119\u017ca Go\u015bcie z Goerlitz i [&hellip;]<\/p>\n","protected":false},"author":1,"featured_media":347,"comment_status":"closed","ping_status":"open","sticky":false,"template":"","format":"standard","meta":[],"categories":[3],"tags":[],"_links":{"self":[{"href":"https:\/\/parafiawegliniec.pl\/index.php?rest_route=\/wp\/v2\/posts\/343"}],"collection":[{"href":"https:\/\/parafiawegliniec.pl\/index.php?rest_route=\/wp\/v2\/posts"}],"about":[{"href":"https:\/\/parafiawegliniec.pl\/index.php?rest_route=\/wp\/v2\/types\/post"}],"author":[{"embeddable":true,"href":"https:\/\/parafiawegliniec.pl\/index.php?rest_route=\/wp\/v2\/users\/1"}],"replies":[{"embeddable":true,"href":"https:\/\/parafiawegliniec.pl\/index.php?rest_route=%2Fwp%2Fv2%2Fcomments&post=343"}],"version-history":[{"count":2,"href":"https:\/\/parafiawegliniec.pl\/index.php?rest_route=\/wp\/v2\/posts\/343\/revisions"}],"predecessor-version":[{"id":348,"href":"https:\/\/parafiawegliniec.pl\/index.php?rest_route=\/wp\/v2\/posts\/343\/revisions\/348"}],"wp:featuredmedia":[{"embeddable":true,"href":"https:\/\/parafiawegliniec.pl\/index.php?rest_route=\/wp\/v2\/media\/347"}],"wp:attachment":[{"href":"https:\/\/parafiawegliniec.pl\/index.php?rest_route=%2Fwp%2Fv2%2Fmedia&parent=343"}],"wp:term":[{"taxonomy":"category","embeddable":true,"href":"https:\/\/parafiawegliniec.pl\/index.php?rest_route=%2Fwp%2Fv2%2Fcategories&post=343"},{"taxonomy":"post_tag","embeddable":true,"href":"https:\/\/parafiawegliniec.pl\/index.php?rest_route=%2Fwp%2Fv2%2Ftags&post=343"}],"curies":[{"name":"wp","href":"https:\/\/api.w.org\/{rel}","templated":true}]}}