{"id":370,"date":"2017-08-20T19:27:27","date_gmt":"2017-08-20T19:27:27","guid":{"rendered":"http:\/\/parafiawegliniec.pl\/?p=370"},"modified":"2017-08-21T20:12:33","modified_gmt":"2017-08-21T20:12:33","slug":"kosciol-parafialny-nieczynny-na-czas-remontu","status":"publish","type":"post","link":"https:\/\/parafiawegliniec.pl\/?p=370","title":{"rendered":"Ko\u015bci\u00f3\u0142 parafialny nieczynny na czas remontu (+nowe zdj\u0119cia)"},"content":{"rendered":"<p style=\"text-align: justify;\"><strong>Od jutra (21 sierpnia br.) ko\u015bci\u00f3\u0142 parafialny b\u0119dzie nieczynny do czasu zako\u0144czenia remontu.<\/strong> Msze \u015bw. o godz.18.00 oraz w Niedziele b\u0119d\u0105 sprawowane w ko\u015bciele kolejowym; Msze \u015bw. o godz.7.00 b\u0119d\u0105 sprawowane w sali parafialnej.<\/p>\n<p>[Best_Wordpress_Gallery id=&#8221;18&#8243; gal_title=&#8221;Remont ko\u015bcio\u0142a parafialnego&#8221;]<\/p>\n","protected":false},"excerpt":{"rendered":"<p>Od jutra (21 sierpnia br.) ko\u015bci\u00f3\u0142 parafialny b\u0119dzie nieczynny do czasu zako\u0144czenia remontu. Msze \u015bw. o godz.18.00 oraz w Niedziele b\u0119d\u0105 sprawowane w ko\u015bciele kolejowym; Msze \u015bw. o godz.7.00 b\u0119d\u0105 sprawowane w sali parafialnej. [Best_Wordpress_Gallery id=&#8221;18&#8243; gal_title=&#8221;Remont ko\u015bcio\u0142a parafialnego&#8221;]<\/p>\n","protected":false},"author":1,"featured_media":373,"comment_status":"closed","ping_status":"open","sticky":false,"template":"","format":"standard","meta":[],"categories":[3],"tags":[],"_links":{"self":[{"href":"https:\/\/parafiawegliniec.pl\/index.php?rest_route=\/wp\/v2\/posts\/370"}],"collection":[{"href":"https:\/\/parafiawegliniec.pl\/index.php?rest_route=\/wp\/v2\/posts"}],"about":[{"href":"https:\/\/parafiawegliniec.pl\/index.php?rest_route=\/wp\/v2\/types\/post"}],"author":[{"embeddable":true,"href":"https:\/\/parafiawegliniec.pl\/index.php?rest_route=\/wp\/v2\/users\/1"}],"replies":[{"embeddable":true,"href":"https:\/\/parafiawegliniec.pl\/index.php?rest_route=%2Fwp%2Fv2%2Fcomments&post=370"}],"version-history":[{"count":3,"href":"https:\/\/parafiawegliniec.pl\/index.php?rest_route=\/wp\/v2\/posts\/370\/revisions"}],"predecessor-version":[{"id":375,"href":"https:\/\/parafiawegliniec.pl\/index.php?rest_route=\/wp\/v2\/posts\/370\/revisions\/375"}],"wp:featuredmedia":[{"embeddable":true,"href":"https:\/\/parafiawegliniec.pl\/index.php?rest_route=\/wp\/v2\/media\/373"}],"wp:attachment":[{"href":"https:\/\/parafiawegliniec.pl\/index.php?rest_route=%2Fwp%2Fv2%2Fmedia&parent=370"}],"wp:term":[{"taxonomy":"category","embeddable":true,"href":"https:\/\/parafiawegliniec.pl\/index.php?rest_route=%2Fwp%2Fv2%2Fcategories&post=370"},{"taxonomy":"post_tag","embeddable":true,"href":"https:\/\/parafiawegliniec.pl\/index.php?rest_route=%2Fwp%2Fv2%2Ftags&post=370"}],"curies":[{"name":"wp","href":"https:\/\/api.w.org\/{rel}","templated":true}]}}