{"id":379,"date":"2017-08-29T15:45:19","date_gmt":"2017-08-29T15:45:19","guid":{"rendered":"http:\/\/parafiawegliniec.pl\/?p=379"},"modified":"2017-08-29T15:45:19","modified_gmt":"2017-08-29T15:45:19","slug":"msza-sw-na-rozpoczecie-nowego-roku-szkolnego","status":"publish","type":"post","link":"https:\/\/parafiawegliniec.pl\/?p=379","title":{"rendered":"Msza \u015bw. na rozpocz\u0119cie nowego roku szkolnego"},"content":{"rendered":"<p style=\"text-align: justify;\">Uroczysta Msza \u015bw. na rozpocz\u0119cie nowego Roku Szkolnego 2017\/2018 b\u0119dzie sprawowana w poniedzia\u0142ek \u2013 4 wrze\u015bnia o godz.10.00 w ko\u015bciele kolejowym. Serdecznie zapraszam dzieci i m\u0142odzie\u017c, rodzic\u00f3w, nauczycieli i wychowawc\u00f3w.<\/p>\n<p style=\"text-align: justify;\">Zapraszam dzieci z klasy I ze Szko\u0142y Podstawowej z rodzicami na Msz\u0119 \u015bw. o godz.12.00 podczas kt\u00f3rej zostan\u0105 po\u015bwi\u0119cone tornistry i przybory szkolne.<\/p>\n<p>&nbsp;<\/p>\n","protected":false},"excerpt":{"rendered":"<p>Uroczysta Msza \u015bw. na rozpocz\u0119cie nowego Roku Szkolnego 2017\/2018 b\u0119dzie sprawowana w poniedzia\u0142ek \u2013 4 wrze\u015bnia o godz.10.00 w ko\u015bciele kolejowym. Serdecznie zapraszam dzieci i m\u0142odzie\u017c, rodzic\u00f3w, nauczycieli i wychowawc\u00f3w. Zapraszam dzieci z klasy I ze Szko\u0142y Podstawowej z rodzicami na Msz\u0119 \u015bw. o godz.12.00 podczas kt\u00f3rej zostan\u0105 po\u015bwi\u0119cone tornistry i przybory szkolne. &nbsp;<\/p>\n","protected":false},"author":1,"featured_media":380,"comment_status":"closed","ping_status":"open","sticky":false,"template":"","format":"standard","meta":[],"categories":[3],"tags":[],"_links":{"self":[{"href":"https:\/\/parafiawegliniec.pl\/index.php?rest_route=\/wp\/v2\/posts\/379"}],"collection":[{"href":"https:\/\/parafiawegliniec.pl\/index.php?rest_route=\/wp\/v2\/posts"}],"about":[{"href":"https:\/\/parafiawegliniec.pl\/index.php?rest_route=\/wp\/v2\/types\/post"}],"author":[{"embeddable":true,"href":"https:\/\/parafiawegliniec.pl\/index.php?rest_route=\/wp\/v2\/users\/1"}],"replies":[{"embeddable":true,"href":"https:\/\/parafiawegliniec.pl\/index.php?rest_route=%2Fwp%2Fv2%2Fcomments&post=379"}],"version-history":[{"count":1,"href":"https:\/\/parafiawegliniec.pl\/index.php?rest_route=\/wp\/v2\/posts\/379\/revisions"}],"predecessor-version":[{"id":381,"href":"https:\/\/parafiawegliniec.pl\/index.php?rest_route=\/wp\/v2\/posts\/379\/revisions\/381"}],"wp:featuredmedia":[{"embeddable":true,"href":"https:\/\/parafiawegliniec.pl\/index.php?rest_route=\/wp\/v2\/media\/380"}],"wp:attachment":[{"href":"https:\/\/parafiawegliniec.pl\/index.php?rest_route=%2Fwp%2Fv2%2Fmedia&parent=379"}],"wp:term":[{"taxonomy":"category","embeddable":true,"href":"https:\/\/parafiawegliniec.pl\/index.php?rest_route=%2Fwp%2Fv2%2Fcategories&post=379"},{"taxonomy":"post_tag","embeddable":true,"href":"https:\/\/parafiawegliniec.pl\/index.php?rest_route=%2Fwp%2Fv2%2Ftags&post=379"}],"curies":[{"name":"wp","href":"https:\/\/api.w.org\/{rel}","templated":true}]}}