{"id":3841,"date":"2026-04-26T14:46:19","date_gmt":"2026-04-26T14:46:19","guid":{"rendered":"https:\/\/parafiawegliniec.pl\/?p=3841"},"modified":"2026-04-26T14:46:19","modified_gmt":"2026-04-26T14:46:19","slug":"3-maja-matki-bozej-krolowej-polski-odpust-w-kosciele-kolejowym","status":"publish","type":"post","link":"https:\/\/parafiawegliniec.pl\/?p=3841","title":{"rendered":"3 maja \u2013 Matki Bo\u017cej Kr\u00f3lowej Polski (odpust w ko\u015bciele kolejowym)"},"content":{"rendered":"\n<p><strong>W przysz\u0142\u0105 niedziel\u0119 3 maja prze\u017cywa\u0107 b\u0119dziemy uroczysto\u015b\u0107 odpustow\u0105 Matki Bo\u017cej Kr\u00f3lowej Polski, kt\u00f3ra patronuje \u015bwi\u0105tyni kolejowej.<\/strong><\/p>\n\n\n\n<p>Tego maryjnego dnia Msze \u015bw. w naszej parafii wed\u0142ug porz\u0105dku: <\/p>\n\n\n\n<p>8:00, 10:00 &#8211; w ko\u015bciele parafialnym;\u00a0<\/p>\n\n\n\n<p>13:00 &#8211; <strong>odpustowa w ko\u015bciele kolejowym<\/strong><\/p>\n\n\n\n<p>Wszystkich do odpustowej modlitwy z serca zapraszamy!<\/p>\n\n\n\n<p><strong>\u015awi\u0119to Konstytucji 3 Maja w W\u0119gli\u0144cu<\/strong><\/p>\n\n\n\n<p>W imieniu Burmistrza Gminy i Miasta W\u0119gliniec Mariusza Wieczorka serdecznie zapraszamy mieszka\u0144c\u00f3w do wsp\u00f3lnego uczczenia 235. rocznicy uchwalenia Konstytucji 3 Maja.<\/p>\n\n\n\n<p>Program obchod\u00f3w w dniu 3 maja 2026:<br>13:00 \u2013 Msza \u015awi\u0119ta w intencji Ojczyzny (Ko\u015bci\u00f3\u0142 pw. Matki Bo\u017cej Kr\u00f3lowej Polski)<br>14:00 \u2013 Cz\u0119\u015b\u0107 oficjalna pod pomnikiem (Park im. Ks. Pra\u0142ata Bronis\u0142awa Ma\u015blanki)<br>14:30 \u2013 Cz\u0119\u015b\u0107 artystyczna wydarzenia (Park im. Ks. Pra\u0142ata Bronis\u0142awa Ma\u015blanki)<\/p>\n\n\n\n<figure class=\"wp-block-image size-large\"><img loading=\"lazy\" width=\"724\" height=\"1024\" src=\"https:\/\/parafiawegliniec.pl\/wp-content\/uploads\/2026\/04\/3-maja-724x1024.jpg\" alt=\"\" class=\"wp-image-3842\" srcset=\"https:\/\/parafiawegliniec.pl\/wp-content\/uploads\/2026\/04\/3-maja-724x1024.jpg 724w, https:\/\/parafiawegliniec.pl\/wp-content\/uploads\/2026\/04\/3-maja-212x300.jpg 212w, https:\/\/parafiawegliniec.pl\/wp-content\/uploads\/2026\/04\/3-maja-768x1086.jpg 768w, https:\/\/parafiawegliniec.pl\/wp-content\/uploads\/2026\/04\/3-maja-1086x1536.jpg 1086w, https:\/\/parafiawegliniec.pl\/wp-content\/uploads\/2026\/04\/3-maja.jpg 1414w\" sizes=\"(max-width: 724px) 100vw, 724px\" \/><\/figure>\n","protected":false},"excerpt":{"rendered":"<p>W przysz\u0142\u0105 niedziel\u0119 3 maja prze\u017cywa\u0107 b\u0119dziemy uroczysto\u015b\u0107 odpustow\u0105 Matki Bo\u017cej Kr\u00f3lowej Polski, kt\u00f3ra patronuje \u015bwi\u0105tyni kolejowej. Tego maryjnego dnia Msze \u015bw. w naszej parafii wed\u0142ug porz\u0105dku: 8:00, 10:00 &#8211; w ko\u015bciele parafialnym;\u00a0 13:00 &#8211; odpustowa w ko\u015bciele kolejowym Wszystkich do odpustowej modlitwy z serca zapraszamy! \u015awi\u0119to Konstytucji 3 Maja w W\u0119gli\u0144cu W imieniu Burmistrza [&hellip;]<\/p>\n","protected":false},"author":1,"featured_media":3843,"comment_status":"closed","ping_status":"open","sticky":false,"template":"","format":"standard","meta":[],"categories":[12],"tags":[],"_links":{"self":[{"href":"https:\/\/parafiawegliniec.pl\/index.php?rest_route=\/wp\/v2\/posts\/3841"}],"collection":[{"href":"https:\/\/parafiawegliniec.pl\/index.php?rest_route=\/wp\/v2\/posts"}],"about":[{"href":"https:\/\/parafiawegliniec.pl\/index.php?rest_route=\/wp\/v2\/types\/post"}],"author":[{"embeddable":true,"href":"https:\/\/parafiawegliniec.pl\/index.php?rest_route=\/wp\/v2\/users\/1"}],"replies":[{"embeddable":true,"href":"https:\/\/parafiawegliniec.pl\/index.php?rest_route=%2Fwp%2Fv2%2Fcomments&post=3841"}],"version-history":[{"count":1,"href":"https:\/\/parafiawegliniec.pl\/index.php?rest_route=\/wp\/v2\/posts\/3841\/revisions"}],"predecessor-version":[{"id":3844,"href":"https:\/\/parafiawegliniec.pl\/index.php?rest_route=\/wp\/v2\/posts\/3841\/revisions\/3844"}],"wp:featuredmedia":[{"embeddable":true,"href":"https:\/\/parafiawegliniec.pl\/index.php?rest_route=\/wp\/v2\/media\/3843"}],"wp:attachment":[{"href":"https:\/\/parafiawegliniec.pl\/index.php?rest_route=%2Fwp%2Fv2%2Fmedia&parent=3841"}],"wp:term":[{"taxonomy":"category","embeddable":true,"href":"https:\/\/parafiawegliniec.pl\/index.php?rest_route=%2Fwp%2Fv2%2Fcategories&post=3841"},{"taxonomy":"post_tag","embeddable":true,"href":"https:\/\/parafiawegliniec.pl\/index.php?rest_route=%2Fwp%2Fv2%2Ftags&post=3841"}],"curies":[{"name":"wp","href":"https:\/\/api.w.org\/{rel}","templated":true}]}}