{"id":387,"date":"2017-09-10T19:50:40","date_gmt":"2017-09-10T19:50:40","guid":{"rendered":"http:\/\/parafiawegliniec.pl\/?p=387"},"modified":"2017-09-10T19:50:40","modified_gmt":"2017-09-10T19:50:40","slug":"nasza-parafia-otrzyma-relikwie-sw-siostry-faustyny-kowalskiej","status":"publish","type":"post","link":"https:\/\/parafiawegliniec.pl\/?p=387","title":{"rendered":"Nasza parafia otrzyma relikwie \u015bw. Siostry Faustyny Kowalskiej"},"content":{"rendered":"<p style=\"text-align: justify;\">Decyzj\u0105 Zgromadzenie Si\u00f3str Matki Bo\u017cej Mi\u0142osierdzia &#8211; kustosza grobu i relikwii \u015bw. Siostry Faustyny Kowalskiej w Sanktuarium Bo\u017cego Mi\u0142osierdzia w Krakowie-\u0141agiewnikach, nasza parafia otrzyma relikwie I stopnia \u2013 ex ossibus \u2013 z ko\u015bci \u015bw. Siostry Faustyny.<\/p>\n<p>Relikwie I stopnia \u2013 ex ossibus \u2013 z ko\u015bci \u015bw. Siostry Faustyny, Zgromadzenie przekazuje do parafii, ko\u015bcio\u0142\u00f3w albo kaplic erygowanych pod wezwaniem Mi\u0142osierdzia Bo\u017cego, Jezusa Mi\u0142osiernego i \u015bw. Siostry Faustyny, w kt\u00f3rych w spos\u00f3b szczeg\u00f3lny g\u0142oszona jest prawda o mi\u0142o\u015bci mi\u0142osiernej Boga do cz\u0142owieka. Wyj\u0105tek stanowi\u0105 te parafie, kt\u00f3re mimo innego wezwania \u2013 dynamicznie rozwijaj\u0105 nabo\u017ce\u0144stwo do Mi\u0142osierdzia Bo\u017cego i szerz\u0105 kult \u015bw. Siostry Faustyny.<\/p>\n","protected":false},"excerpt":{"rendered":"<p>Decyzj\u0105 Zgromadzenie Si\u00f3str Matki Bo\u017cej Mi\u0142osierdzia &#8211; kustosza grobu i relikwii \u015bw. Siostry Faustyny Kowalskiej w Sanktuarium Bo\u017cego Mi\u0142osierdzia w Krakowie-\u0141agiewnikach, nasza parafia otrzyma relikwie I stopnia \u2013 ex ossibus \u2013 z ko\u015bci \u015bw. Siostry Faustyny. Relikwie I stopnia \u2013 ex ossibus \u2013 z ko\u015bci \u015bw. Siostry Faustyny, Zgromadzenie przekazuje do parafii, ko\u015bcio\u0142\u00f3w albo kaplic [&hellip;]<\/p>\n","protected":false},"author":1,"featured_media":388,"comment_status":"closed","ping_status":"open","sticky":false,"template":"","format":"standard","meta":[],"categories":[3],"tags":[],"_links":{"self":[{"href":"https:\/\/parafiawegliniec.pl\/index.php?rest_route=\/wp\/v2\/posts\/387"}],"collection":[{"href":"https:\/\/parafiawegliniec.pl\/index.php?rest_route=\/wp\/v2\/posts"}],"about":[{"href":"https:\/\/parafiawegliniec.pl\/index.php?rest_route=\/wp\/v2\/types\/post"}],"author":[{"embeddable":true,"href":"https:\/\/parafiawegliniec.pl\/index.php?rest_route=\/wp\/v2\/users\/1"}],"replies":[{"embeddable":true,"href":"https:\/\/parafiawegliniec.pl\/index.php?rest_route=%2Fwp%2Fv2%2Fcomments&post=387"}],"version-history":[{"count":1,"href":"https:\/\/parafiawegliniec.pl\/index.php?rest_route=\/wp\/v2\/posts\/387\/revisions"}],"predecessor-version":[{"id":389,"href":"https:\/\/parafiawegliniec.pl\/index.php?rest_route=\/wp\/v2\/posts\/387\/revisions\/389"}],"wp:featuredmedia":[{"embeddable":true,"href":"https:\/\/parafiawegliniec.pl\/index.php?rest_route=\/wp\/v2\/media\/388"}],"wp:attachment":[{"href":"https:\/\/parafiawegliniec.pl\/index.php?rest_route=%2Fwp%2Fv2%2Fmedia&parent=387"}],"wp:term":[{"taxonomy":"category","embeddable":true,"href":"https:\/\/parafiawegliniec.pl\/index.php?rest_route=%2Fwp%2Fv2%2Fcategories&post=387"},{"taxonomy":"post_tag","embeddable":true,"href":"https:\/\/parafiawegliniec.pl\/index.php?rest_route=%2Fwp%2Fv2%2Ftags&post=387"}],"curies":[{"name":"wp","href":"https:\/\/api.w.org\/{rel}","templated":true}]}}