{"id":396,"date":"2017-09-18T08:31:54","date_gmt":"2017-09-18T08:31:54","guid":{"rendered":"http:\/\/parafiawegliniec.pl\/?p=396"},"modified":"2017-09-18T08:31:54","modified_gmt":"2017-09-18T08:31:54","slug":"dyzur-duszpasterski-w-dniach-18-22-wrzesnia","status":"publish","type":"post","link":"https:\/\/parafiawegliniec.pl\/?p=396","title":{"rendered":"Dy\u017cur duszpasterski w dniach 18-22 wrze\u015bnia"},"content":{"rendered":"<p style=\"text-align: justify;\">Drodzy \u00a0Parafianie, od jutra (18.09) do pi\u0105tku (22.09) dy\u017cur duszpasterski b\u0119dzie pe\u0142ni\u0142 w naszej Parafii ks. Krzysztof Sikora \u2013 proboszcz z Czerwonej Wody. Nr telefonu 75\/778 03 11.<\/p>\n","protected":false},"excerpt":{"rendered":"<p>Drodzy \u00a0Parafianie, od jutra (18.09) do pi\u0105tku (22.09) dy\u017cur duszpasterski b\u0119dzie pe\u0142ni\u0142 w naszej Parafii ks. Krzysztof Sikora \u2013 proboszcz z Czerwonej Wody. Nr telefonu 75\/778 03 11.<\/p>\n","protected":false},"author":1,"featured_media":397,"comment_status":"closed","ping_status":"open","sticky":false,"template":"","format":"standard","meta":[],"categories":[3],"tags":[],"_links":{"self":[{"href":"https:\/\/parafiawegliniec.pl\/index.php?rest_route=\/wp\/v2\/posts\/396"}],"collection":[{"href":"https:\/\/parafiawegliniec.pl\/index.php?rest_route=\/wp\/v2\/posts"}],"about":[{"href":"https:\/\/parafiawegliniec.pl\/index.php?rest_route=\/wp\/v2\/types\/post"}],"author":[{"embeddable":true,"href":"https:\/\/parafiawegliniec.pl\/index.php?rest_route=\/wp\/v2\/users\/1"}],"replies":[{"embeddable":true,"href":"https:\/\/parafiawegliniec.pl\/index.php?rest_route=%2Fwp%2Fv2%2Fcomments&post=396"}],"version-history":[{"count":1,"href":"https:\/\/parafiawegliniec.pl\/index.php?rest_route=\/wp\/v2\/posts\/396\/revisions"}],"predecessor-version":[{"id":398,"href":"https:\/\/parafiawegliniec.pl\/index.php?rest_route=\/wp\/v2\/posts\/396\/revisions\/398"}],"wp:featuredmedia":[{"embeddable":true,"href":"https:\/\/parafiawegliniec.pl\/index.php?rest_route=\/wp\/v2\/media\/397"}],"wp:attachment":[{"href":"https:\/\/parafiawegliniec.pl\/index.php?rest_route=%2Fwp%2Fv2%2Fmedia&parent=396"}],"wp:term":[{"taxonomy":"category","embeddable":true,"href":"https:\/\/parafiawegliniec.pl\/index.php?rest_route=%2Fwp%2Fv2%2Fcategories&post=396"},{"taxonomy":"post_tag","embeddable":true,"href":"https:\/\/parafiawegliniec.pl\/index.php?rest_route=%2Fwp%2Fv2%2Ftags&post=396"}],"curies":[{"name":"wp","href":"https:\/\/api.w.org\/{rel}","templated":true}]}}