{"id":400,"date":"2017-10-01T13:19:03","date_gmt":"2017-10-01T13:19:03","guid":{"rendered":"http:\/\/parafiawegliniec.pl\/?p=400"},"modified":"2017-10-10T13:21:22","modified_gmt":"2017-10-10T13:21:22","slug":"pazdziernik-miesiacem-rozanca-swietego","status":"publish","type":"post","link":"https:\/\/parafiawegliniec.pl\/?p=400","title":{"rendered":"Pa\u017adziernik miesi\u0105cem r\u00f3\u017ca\u0144ca \u015bwi\u0119tego"},"content":{"rendered":"<p style=\"text-align: justify;\">Pa\u017adziernik tradycyjnie jest miesi\u0105cem w szczeg\u00f3lny spos\u00f3b po\u015bwi\u0119conym modlitwie r\u00f3\u017ca\u0144cowej. Przez ca\u0142y miesi\u0105c odprawia si\u0119 nabo\u017ce\u0144stwa r\u00f3\u017ca\u0144cowe, kt\u00f3re my Polacy otaczamy wyj\u0105tkow\u0105 czci\u0105. Rozwa\u017canie r\u00f3\u017ca\u0144ca oznacza odmawianie modlitwy oraz medytacj\u0119 w tym samym czasie.<\/p>\n<p style=\"text-align: justify;\"><strong>Zapraszam na wsp\u00f3lne odmawianie r\u00f3\u017ca\u0144ca codziennie o godz. 17.00 do ko\u015bcio\u0142a kolejowego.<\/strong><\/p>\n<p style=\"text-align: justify;\">Ka\u017cda z tajemnic r\u00f3\u017ca\u0144ca koncentruje si\u0119 na jednym wa\u017cnym wydarzeniu z \u017cycia Jezusa Chrystusa i jego matki, Maryi i pomaga nam na\u015bladowa\u0107 Ich w naszym \u017cyciu osobistym, rodzinnym i spo\u0142ecznym.<\/p>\n<p style=\"text-align: justify;\">Jest to modlitwa, kt\u00f3ra przemienia \u015bwiat, zw\u0142aszcza gdy jest odmawiana wsp\u00f3lnie. Nasze rodziny, narody i \u015bwiat walcz\u0105 teraz z przyt\u0142aczaj\u0105cymi si\u0142ami z\u0142a.<\/p>\n<p style=\"text-align: justify;\">Dzi\u015b potrzebujemy pomocy Maryi bardziej ni\u017c kiedykolwiek przedtem. Wiele razy w historii modlitwa r\u00f3\u017ca\u0144cowa odmawiana z wiar\u0105 zawa\u017cy\u0142a na losach narod\u00f3w.<\/p>\n","protected":false},"excerpt":{"rendered":"<p>Pa\u017adziernik tradycyjnie jest miesi\u0105cem w szczeg\u00f3lny spos\u00f3b po\u015bwi\u0119conym modlitwie r\u00f3\u017ca\u0144cowej. Przez ca\u0142y miesi\u0105c odprawia si\u0119 nabo\u017ce\u0144stwa r\u00f3\u017ca\u0144cowe, kt\u00f3re my Polacy otaczamy wyj\u0105tkow\u0105 czci\u0105. Rozwa\u017canie r\u00f3\u017ca\u0144ca oznacza odmawianie modlitwy oraz medytacj\u0119 w tym samym czasie. Zapraszam na wsp\u00f3lne odmawianie r\u00f3\u017ca\u0144ca codziennie o godz. 17.00 do ko\u015bcio\u0142a kolejowego. Ka\u017cda z tajemnic r\u00f3\u017ca\u0144ca koncentruje si\u0119 na jednym wa\u017cnym [&hellip;]<\/p>\n","protected":false},"author":1,"featured_media":401,"comment_status":"closed","ping_status":"open","sticky":false,"template":"","format":"standard","meta":[],"categories":[3],"tags":[],"_links":{"self":[{"href":"https:\/\/parafiawegliniec.pl\/index.php?rest_route=\/wp\/v2\/posts\/400"}],"collection":[{"href":"https:\/\/parafiawegliniec.pl\/index.php?rest_route=\/wp\/v2\/posts"}],"about":[{"href":"https:\/\/parafiawegliniec.pl\/index.php?rest_route=\/wp\/v2\/types\/post"}],"author":[{"embeddable":true,"href":"https:\/\/parafiawegliniec.pl\/index.php?rest_route=\/wp\/v2\/users\/1"}],"replies":[{"embeddable":true,"href":"https:\/\/parafiawegliniec.pl\/index.php?rest_route=%2Fwp%2Fv2%2Fcomments&post=400"}],"version-history":[{"count":1,"href":"https:\/\/parafiawegliniec.pl\/index.php?rest_route=\/wp\/v2\/posts\/400\/revisions"}],"predecessor-version":[{"id":402,"href":"https:\/\/parafiawegliniec.pl\/index.php?rest_route=\/wp\/v2\/posts\/400\/revisions\/402"}],"wp:featuredmedia":[{"embeddable":true,"href":"https:\/\/parafiawegliniec.pl\/index.php?rest_route=\/wp\/v2\/media\/401"}],"wp:attachment":[{"href":"https:\/\/parafiawegliniec.pl\/index.php?rest_route=%2Fwp%2Fv2%2Fmedia&parent=400"}],"wp:term":[{"taxonomy":"category","embeddable":true,"href":"https:\/\/parafiawegliniec.pl\/index.php?rest_route=%2Fwp%2Fv2%2Fcategories&post=400"},{"taxonomy":"post_tag","embeddable":true,"href":"https:\/\/parafiawegliniec.pl\/index.php?rest_route=%2Fwp%2Fv2%2Ftags&post=400"}],"curies":[{"name":"wp","href":"https:\/\/api.w.org\/{rel}","templated":true}]}}