{"id":406,"date":"2017-10-27T19:46:03","date_gmt":"2017-10-27T19:46:03","guid":{"rendered":"http:\/\/parafiawegliniec.pl\/?p=406"},"modified":"2017-11-13T10:22:00","modified_gmt":"2017-11-13T10:22:00","slug":"wypominki","status":"publish","type":"post","link":"https:\/\/parafiawegliniec.pl\/?p=406","title":{"rendered":"Wypominki (do pobrania) + plan"},"content":{"rendered":"<p style=\"text-align: justify;\"><strong>Prosimy o zabranie do dom\u00f3w &#8222;kartek wypominkowych za Zmar\u0142ych&#8221; oraz o czytelne wype\u0142nienie imion i nazwisk zmar\u0142ych polecanych w modlitwie Ko\u015bcio\u0142a.<\/strong>\u00a0Prosimy o zwr\u00f3cenie uwagi i wyra\u017ane rozr\u00f3\u017cnienie imion m\u0119skich lub \u017ce\u0144skich i podanie os\u00f3b zmar\u0142ych w pierwszej osobie liczbie pojedynczej np. m\u0119\u017cczy\u017ani: Jan, Henryk, kobiety: Stanis\u0142awa, J\u00f3zefa.<\/p>\n<p>W odno\u015bniku poni\u017cej znajduje si\u0119 kartka wypominkowa w wersji &#8222;do druku&#8221;.<\/p>\n<p><a href=\"http:\/\/gminnesprawy.home.pl\/parafia\/images\/stories\/wypominiki2013.pdf\" target=\"_blank\" rel=\"noopener noreferrer\"><strong>KARTKA WYPOMINKOWA (pdf)\u00a0<\/strong>&#8211; kliknij aby pobra\u0107<\/a><\/p>\n<p><strong>Plan modlitwy za Wiernych Zmar\u0142ych:<\/strong><\/p>\n<p>1. 1 Listopad &#8211; uroczysta Msza \u015bw. za wszystkich Zmar\u0142ych na cmentarzu \u2013 13.00<br \/>\n2. 2 Listopad \u2013 czwartek &#8211; modlitwa r\u00f3\u017ca\u0144cowa na cmentarzu \u2013 godz.15.30.<br \/>\n3. 3 listopad \u2013 pi\u0105tek -ul. Wschodnia, ul. Kr\u00f3tka, ul. Skrajna.<br \/>\n4. 4 listopad \u2013 sobota: ul. Daszy\u0144skiego, ul. Ogrodowa, ul. Le\u015bna, ul. Wolna.<br \/>\n5. 6 listopad \u2013 poniedzia\u0142ek: ul. Kolejowa, ul. Sportowa.<br \/>\n6. 7 listopad \u2013 wtorek ul. Kochanowskiego i ul. K. Wojty\u0142y.<br \/>\n7. 8 listopad \u2013 \u015broda: ul. Sikorskiego.<br \/>\n8. 9 listopad \u2013 czwartek: ul. Wojska Polskiego.<br \/>\n9. 10 listopad \u2013 pi\u0105tek: ul. Mickiewicza i ul. Partyzant\u00f3w.<br \/>\n10. 11 listopada: sobota: ul. Ko\u015bciuszki i bez podanego adresu.<\/p>\n<p><strong>Druga cz\u0119\u015b\u0107 modlitwy za Wiernych Zmar\u0142ych:<\/strong><\/p>\n<p>17 listopad \u2013 pi\u0105tek\u00a0<strong>( godz.16.30 )<\/strong>: ul. Wschodnia, ul. Kr\u00f3tka i ul. Skrajna.<\/p>\n<p>18 listopad \u2013 sobota\u00a0<strong>( godz.15.00 )<\/strong>: ul. Daszy\u0144skiego, ul. Ogrodowa, Le\u015bna i ul. Pi\u0142sudskiego<\/p>\n<p>20 listopad \u2013 poniedzia\u0142ek: ul. Kolejowa i ul. Sportowa.<\/p>\n<p>21 listopad &#8211; wtorek: ul. J. Kochanowskiego i ul. K. Wojty\u0142y.<\/p>\n<p>22 listopad \u2013 \u015broda: ul. Sikorskiego.<\/p>\n<p>23 listopad \u2013 czwartek: ul. Wojska Polskiego i ul. Ko\u015bciuszki i bez adresu.<\/p>\n<p>24 listopad \u2013 pi\u0105tek: ul. Mickiewicza i ul. Partyzant\u00f3w.<\/p>\n<p><em><strong>\u201eWieczny odpoczynek racz im da\u0107 Panie!\u201d<\/strong><\/em><\/p>\n","protected":false},"excerpt":{"rendered":"<p>Prosimy o zabranie do dom\u00f3w &#8222;kartek wypominkowych za Zmar\u0142ych&#8221; oraz o czytelne wype\u0142nienie imion i nazwisk zmar\u0142ych polecanych w modlitwie Ko\u015bcio\u0142a.\u00a0Prosimy o zwr\u00f3cenie uwagi i wyra\u017ane rozr\u00f3\u017cnienie imion m\u0119skich lub \u017ce\u0144skich i podanie os\u00f3b zmar\u0142ych w pierwszej osobie liczbie pojedynczej np. m\u0119\u017cczy\u017ani: Jan, Henryk, kobiety: Stanis\u0142awa, J\u00f3zefa. W odno\u015bniku poni\u017cej znajduje si\u0119 kartka wypominkowa w [&hellip;]<\/p>\n","protected":false},"author":1,"featured_media":407,"comment_status":"closed","ping_status":"open","sticky":false,"template":"","format":"standard","meta":[],"categories":[3],"tags":[],"_links":{"self":[{"href":"https:\/\/parafiawegliniec.pl\/index.php?rest_route=\/wp\/v2\/posts\/406"}],"collection":[{"href":"https:\/\/parafiawegliniec.pl\/index.php?rest_route=\/wp\/v2\/posts"}],"about":[{"href":"https:\/\/parafiawegliniec.pl\/index.php?rest_route=\/wp\/v2\/types\/post"}],"author":[{"embeddable":true,"href":"https:\/\/parafiawegliniec.pl\/index.php?rest_route=\/wp\/v2\/users\/1"}],"replies":[{"embeddable":true,"href":"https:\/\/parafiawegliniec.pl\/index.php?rest_route=%2Fwp%2Fv2%2Fcomments&post=406"}],"version-history":[{"count":4,"href":"https:\/\/parafiawegliniec.pl\/index.php?rest_route=\/wp\/v2\/posts\/406\/revisions"}],"predecessor-version":[{"id":427,"href":"https:\/\/parafiawegliniec.pl\/index.php?rest_route=\/wp\/v2\/posts\/406\/revisions\/427"}],"wp:featuredmedia":[{"embeddable":true,"href":"https:\/\/parafiawegliniec.pl\/index.php?rest_route=\/wp\/v2\/media\/407"}],"wp:attachment":[{"href":"https:\/\/parafiawegliniec.pl\/index.php?rest_route=%2Fwp%2Fv2%2Fmedia&parent=406"}],"wp:term":[{"taxonomy":"category","embeddable":true,"href":"https:\/\/parafiawegliniec.pl\/index.php?rest_route=%2Fwp%2Fv2%2Fcategories&post=406"},{"taxonomy":"post_tag","embeddable":true,"href":"https:\/\/parafiawegliniec.pl\/index.php?rest_route=%2Fwp%2Fv2%2Ftags&post=406"}],"curies":[{"name":"wp","href":"https:\/\/api.w.org\/{rel}","templated":true}]}}