{"id":412,"date":"2017-10-27T19:59:13","date_gmt":"2017-10-27T19:59:13","guid":{"rendered":"http:\/\/parafiawegliniec.pl\/?p=412"},"modified":"2017-10-27T19:59:13","modified_gmt":"2017-10-27T19:59:13","slug":"czas-zimowy","status":"publish","type":"post","link":"https:\/\/parafiawegliniec.pl\/?p=412","title":{"rendered":"Czas zimowy"},"content":{"rendered":"<p>Przypominamy, \u017ce od najbli\u017cszej niedzieli\u00a0<strong>msze \u015bw. wieczorne b\u0119d\u0105 odprawiane o godzinie 17.00<\/strong>. Jednocze\u015bnie przypominamy, i\u017c w zwi\u0105zku z remontem ko\u015bcio\u0142a parafialnego oraz czasem zimowym <strong>wszystkie msze \u015bw. i nabo\u017ce\u0144stwa<\/strong> odprawiane s\u0105 w ko\u015bciele kolejowym.<\/p>\n","protected":false},"excerpt":{"rendered":"<p>Przypominamy, \u017ce od najbli\u017cszej niedzieli\u00a0msze \u015bw. wieczorne b\u0119d\u0105 odprawiane o godzinie 17.00. Jednocze\u015bnie przypominamy, i\u017c w zwi\u0105zku z remontem ko\u015bcio\u0142a parafialnego oraz czasem zimowym wszystkie msze \u015bw. i nabo\u017ce\u0144stwa odprawiane s\u0105 w ko\u015bciele kolejowym.<\/p>\n","protected":false},"author":1,"featured_media":413,"comment_status":"closed","ping_status":"open","sticky":false,"template":"","format":"standard","meta":[],"categories":[3],"tags":[],"_links":{"self":[{"href":"https:\/\/parafiawegliniec.pl\/index.php?rest_route=\/wp\/v2\/posts\/412"}],"collection":[{"href":"https:\/\/parafiawegliniec.pl\/index.php?rest_route=\/wp\/v2\/posts"}],"about":[{"href":"https:\/\/parafiawegliniec.pl\/index.php?rest_route=\/wp\/v2\/types\/post"}],"author":[{"embeddable":true,"href":"https:\/\/parafiawegliniec.pl\/index.php?rest_route=\/wp\/v2\/users\/1"}],"replies":[{"embeddable":true,"href":"https:\/\/parafiawegliniec.pl\/index.php?rest_route=%2Fwp%2Fv2%2Fcomments&post=412"}],"version-history":[{"count":1,"href":"https:\/\/parafiawegliniec.pl\/index.php?rest_route=\/wp\/v2\/posts\/412\/revisions"}],"predecessor-version":[{"id":414,"href":"https:\/\/parafiawegliniec.pl\/index.php?rest_route=\/wp\/v2\/posts\/412\/revisions\/414"}],"wp:featuredmedia":[{"embeddable":true,"href":"https:\/\/parafiawegliniec.pl\/index.php?rest_route=\/wp\/v2\/media\/413"}],"wp:attachment":[{"href":"https:\/\/parafiawegliniec.pl\/index.php?rest_route=%2Fwp%2Fv2%2Fmedia&parent=412"}],"wp:term":[{"taxonomy":"category","embeddable":true,"href":"https:\/\/parafiawegliniec.pl\/index.php?rest_route=%2Fwp%2Fv2%2Fcategories&post=412"},{"taxonomy":"post_tag","embeddable":true,"href":"https:\/\/parafiawegliniec.pl\/index.php?rest_route=%2Fwp%2Fv2%2Ftags&post=412"}],"curies":[{"name":"wp","href":"https:\/\/api.w.org\/{rel}","templated":true}]}}