{"id":475,"date":"2018-03-12T15:04:08","date_gmt":"2018-03-12T15:04:08","guid":{"rendered":"http:\/\/parafiawegliniec.pl\/?p=475"},"modified":"2018-03-13T09:50:49","modified_gmt":"2018-03-13T09:50:49","slug":"zaproszenie","status":"publish","type":"post","link":"https:\/\/parafiawegliniec.pl\/?p=475","title":{"rendered":"Zaproszenie &#8211; rekolekcje"},"content":{"rendered":"<p style=\"text-align: justify;\">Serdecznie zapraszam wszystkich Parafian i Go\u015bci do przygotowania si\u0119 poprzez modlitw\u0119 i udzia\u0142 w rekolekcjach wielkopostnych przed uroczysto\u015bci\u0105 intronizacji relikwii \u015bw. Siostry Faustyny Kowalskiej.<\/p>\n<p style=\"text-align: justify;\">Rekolekcje w naszej Parafii b\u0119d\u0105 prowadzi\u0142y Siostry ze Zgromadzenia Si\u00f3str Matki Bo\u017cej Mi\u0142osierdzia z Krakowa &#8211; \u0141agiewnik w dniach od 17.03 \u2013 20.03.2018 r.<\/p>\n<p style=\"text-align: justify;\">Uroczysta Msza \u015bw. pod przewodnictwem J. E. Ks. Bpa Dr Marka Mendyka i wprowadzenie relikwii \u015aw. Faustyny Kowalskiej odb\u0119<span class=\"text_exposed_show\">d\u0105 si\u0119 8 kwietnia 2018 r. &#8211; w Niedziel\u0119 Mi\u0142osierdzia Bo\u017cego.<\/span><\/p>\n<div class=\"text_exposed_show\">\n<p style=\"text-align: justify;\">Bardzo prosz\u0119 o liczny udzia\u0142 w rekolekcjach i w pi\u0119knej uroczysto\u015bci przywitania \u015aw. Siostry Faustyny w naszej rodzinie parafialnej.<\/p>\n<p style=\"text-align: justify;\">Wasz Proboszcz, Ks. dr Przemys\u0142aw S\u0142yszko<\/p>\n<p style=\"text-align: justify;\"><img loading=\"lazy\" class=\"aligncenter wp-image-477 size-large\" src=\"http:\/\/parafiawegliniec.pl\/wp-content\/uploads\/2018\/01\/26220371_168783137063830_3747840749359252616_o-1024x716.jpg\" alt=\"\" width=\"790\" height=\"552\" srcset=\"https:\/\/parafiawegliniec.pl\/wp-content\/uploads\/2018\/01\/26220371_168783137063830_3747840749359252616_o-1024x716.jpg 1024w, https:\/\/parafiawegliniec.pl\/wp-content\/uploads\/2018\/01\/26220371_168783137063830_3747840749359252616_o-300x210.jpg 300w, https:\/\/parafiawegliniec.pl\/wp-content\/uploads\/2018\/01\/26220371_168783137063830_3747840749359252616_o-768x537.jpg 768w, https:\/\/parafiawegliniec.pl\/wp-content\/uploads\/2018\/01\/26220371_168783137063830_3747840749359252616_o.jpg 2048w\" sizes=\"(max-width: 790px) 100vw, 790px\" \/><\/p>\n<\/div>\n<p style=\"text-align: justify;\">\n","protected":false},"excerpt":{"rendered":"<p>Serdecznie zapraszam wszystkich Parafian i Go\u015bci do przygotowania si\u0119 poprzez modlitw\u0119 i udzia\u0142 w rekolekcjach wielkopostnych przed uroczysto\u015bci\u0105 intronizacji relikwii \u015bw. Siostry Faustyny Kowalskiej. Rekolekcje w naszej Parafii b\u0119d\u0105 prowadzi\u0142y Siostry ze Zgromadzenia Si\u00f3str Matki Bo\u017cej Mi\u0142osierdzia z Krakowa &#8211; \u0141agiewnik w dniach od 17.03 \u2013 20.03.2018 r. Uroczysta Msza \u015bw. pod przewodnictwem J. E. [&hellip;]<\/p>\n","protected":false},"author":1,"featured_media":477,"comment_status":"closed","ping_status":"open","sticky":false,"template":"","format":"standard","meta":[],"categories":[3],"tags":[],"_links":{"self":[{"href":"https:\/\/parafiawegliniec.pl\/index.php?rest_route=\/wp\/v2\/posts\/475"}],"collection":[{"href":"https:\/\/parafiawegliniec.pl\/index.php?rest_route=\/wp\/v2\/posts"}],"about":[{"href":"https:\/\/parafiawegliniec.pl\/index.php?rest_route=\/wp\/v2\/types\/post"}],"author":[{"embeddable":true,"href":"https:\/\/parafiawegliniec.pl\/index.php?rest_route=\/wp\/v2\/users\/1"}],"replies":[{"embeddable":true,"href":"https:\/\/parafiawegliniec.pl\/index.php?rest_route=%2Fwp%2Fv2%2Fcomments&post=475"}],"version-history":[{"count":3,"href":"https:\/\/parafiawegliniec.pl\/index.php?rest_route=\/wp\/v2\/posts\/475\/revisions"}],"predecessor-version":[{"id":524,"href":"https:\/\/parafiawegliniec.pl\/index.php?rest_route=\/wp\/v2\/posts\/475\/revisions\/524"}],"wp:featuredmedia":[{"embeddable":true,"href":"https:\/\/parafiawegliniec.pl\/index.php?rest_route=\/wp\/v2\/media\/477"}],"wp:attachment":[{"href":"https:\/\/parafiawegliniec.pl\/index.php?rest_route=%2Fwp%2Fv2%2Fmedia&parent=475"}],"wp:term":[{"taxonomy":"category","embeddable":true,"href":"https:\/\/parafiawegliniec.pl\/index.php?rest_route=%2Fwp%2Fv2%2Fcategories&post=475"},{"taxonomy":"post_tag","embeddable":true,"href":"https:\/\/parafiawegliniec.pl\/index.php?rest_route=%2Fwp%2Fv2%2Ftags&post=475"}],"curies":[{"name":"wp","href":"https:\/\/api.w.org\/{rel}","templated":true}]}}