{"id":527,"date":"2018-03-26T10:01:04","date_gmt":"2018-03-26T10:01:04","guid":{"rendered":"http:\/\/parafiawegliniec.pl\/?p=527"},"modified":"2018-03-26T10:04:55","modified_gmt":"2018-03-26T10:04:55","slug":"triduum-paschalne-2018","status":"publish","type":"post","link":"https:\/\/parafiawegliniec.pl\/?p=527","title":{"rendered":"TRIDUUM PASCHALNE 2018"},"content":{"rendered":"<p><b>WIELKI CZWARTEK<\/b><br \/>\nPami\u0105tka ustanowienia Sakramentu Eucharystii i Kap\u0142a\u0144stwa<\/p>\n<p>Godz. 19.00 &#8211; Msza \u015aw. Wieczerzy Pa\u0144skiej &#8211;\u00a0<b>ko\u015bci\u00f3\u0142 kolejowy<\/b><br \/>\nAdoracja po Mszy \u015bw.<\/p>\n<p><b>WIELKI PI\u0104TEK\u00a0<\/b><br \/>\nDzie\u0144 M\u0119ki i \u015amierci Jezusa Chrystusa<br \/>\nGodz. 15.00 \u2013 Droga Krzy\u017cowa \u2013\u00a0<b>ko\u015bci\u00f3\u0142\u00a0kolejowy<\/b><br \/>\nGodz. 19.00 &#8211; Liturgia M\u0119ki Pa\u0144skiej \u2013\u00a0<b>ko\u015bci\u00f3\u0142 kolejowy<\/b><br \/>\nAdoracja Bo\u017cego Grobu po Liturgii<\/p>\n<p><b>WIELKA SOBOTA \u2013 WIGILIA PASCHALNA<\/b><br \/>\nDzie\u0144 adoracji Chrystusa w Grobie &#8211; adoracja w ko\u015bciele kolejowym od godz. 9.30 &#8211; 13.00 oraz 18.00 &#8211; 19.00<\/p>\n<p>\u015awi\u0119cenie pokarm\u00f3w w ko\u015bciele kolejowym &#8211;\u00a0<b>10.00, 11.00, 12.00, 13.00<\/b><\/p>\n<p>Wieczorem obchodzimy Pami\u0105tk\u0119 Zmartwychwstania Jezusa Chrystusa.\u00a0<b>Wigilia Paschalna z procesj\u0105 rezurekcyjn\u0105 (wyj\u0105tkowo wok\u00f3\u0142 ko\u015bcio\u0142a) o godz. 20.00\u00a0 w ko\u015bciele kolejowym.<\/b><\/p>\n<p><b>NIEDZIELA WIELKANOCNA<\/b><br \/>\nMsze \u015bw. o godz. 8.00, 10.00 i 12.00 &#8211;\u00a0<b>nie b\u0119dzie mszy o godz.18.00<\/b><\/p>\n<p><b>PONIEDZIA\u0141EK WIELKANOCNY<\/b><br \/>\nMsze \u015bw. o godz. 8.00, 10.00, 12.00, 18.00<\/p>\n<p><strong>Drodzy go\u015bcie<\/strong>, ze wzgl\u0119du na prace remontowe w ko\u015bciele parafialnym wszystkie Msze \u015bw. i nabo\u017ce\u0144stwa sprawowane s\u0105 w ko\u015bciele kolejowym.<\/p>\n","protected":false},"excerpt":{"rendered":"<p>WIELKI CZWARTEK Pami\u0105tka ustanowienia Sakramentu Eucharystii i Kap\u0142a\u0144stwa Godz. 19.00 &#8211; Msza \u015aw. Wieczerzy Pa\u0144skiej &#8211;\u00a0ko\u015bci\u00f3\u0142 kolejowy Adoracja po Mszy \u015bw. WIELKI PI\u0104TEK\u00a0 Dzie\u0144 M\u0119ki i \u015amierci Jezusa Chrystusa Godz. 15.00 \u2013 Droga Krzy\u017cowa \u2013\u00a0ko\u015bci\u00f3\u0142\u00a0kolejowy Godz. 19.00 &#8211; Liturgia M\u0119ki Pa\u0144skiej \u2013\u00a0ko\u015bci\u00f3\u0142 kolejowy Adoracja Bo\u017cego Grobu po Liturgii WIELKA SOBOTA \u2013 WIGILIA PASCHALNA Dzie\u0144 adoracji [&hellip;]<\/p>\n","protected":false},"author":1,"featured_media":270,"comment_status":"closed","ping_status":"open","sticky":false,"template":"","format":"standard","meta":[],"categories":[3],"tags":[],"_links":{"self":[{"href":"https:\/\/parafiawegliniec.pl\/index.php?rest_route=\/wp\/v2\/posts\/527"}],"collection":[{"href":"https:\/\/parafiawegliniec.pl\/index.php?rest_route=\/wp\/v2\/posts"}],"about":[{"href":"https:\/\/parafiawegliniec.pl\/index.php?rest_route=\/wp\/v2\/types\/post"}],"author":[{"embeddable":true,"href":"https:\/\/parafiawegliniec.pl\/index.php?rest_route=\/wp\/v2\/users\/1"}],"replies":[{"embeddable":true,"href":"https:\/\/parafiawegliniec.pl\/index.php?rest_route=%2Fwp%2Fv2%2Fcomments&post=527"}],"version-history":[{"count":3,"href":"https:\/\/parafiawegliniec.pl\/index.php?rest_route=\/wp\/v2\/posts\/527\/revisions"}],"predecessor-version":[{"id":812,"href":"https:\/\/parafiawegliniec.pl\/index.php?rest_route=\/wp\/v2\/posts\/527\/revisions\/812"}],"wp:featuredmedia":[{"embeddable":true,"href":"https:\/\/parafiawegliniec.pl\/index.php?rest_route=\/wp\/v2\/media\/270"}],"wp:attachment":[{"href":"https:\/\/parafiawegliniec.pl\/index.php?rest_route=%2Fwp%2Fv2%2Fmedia&parent=527"}],"wp:term":[{"taxonomy":"category","embeddable":true,"href":"https:\/\/parafiawegliniec.pl\/index.php?rest_route=%2Fwp%2Fv2%2Fcategories&post=527"},{"taxonomy":"post_tag","embeddable":true,"href":"https:\/\/parafiawegliniec.pl\/index.php?rest_route=%2Fwp%2Fv2%2Ftags&post=527"}],"curies":[{"name":"wp","href":"https:\/\/api.w.org\/{rel}","templated":true}]}}