{"id":531,"date":"2018-03-25T13:14:29","date_gmt":"2018-03-25T13:14:29","guid":{"rendered":"http:\/\/parafiawegliniec.pl\/?p=531"},"modified":"2018-03-26T10:16:07","modified_gmt":"2018-03-26T10:16:07","slug":"niedziela-palmowa-2","status":"publish","type":"post","link":"https:\/\/parafiawegliniec.pl\/?p=531","title":{"rendered":"Niedziela Palmowa"},"content":{"rendered":"<p style=\"text-align: justify;\">Zapraszam do przegl\u0105dania zdj\u0119\u0107 w procesji wok\u00f3\u0142 ko\u015bcio\u0142a kolejowego oraz do obejrzenia <a href=\"https:\/\/www.facebook.com\/parafiawegliniec\/videos\/190325894909554\/\">FILMU<\/a>.\u00a0 Wi\u0119cej zdj\u0119\u0107 w galerii i na parafialnym profilu <a href=\"http:\/\/www.facebook.com\/pg\/parafiawegliniec\">FACEBOOK<\/a>.<\/p>\n<p>[Best_Wordpress_Gallery id=&#8221;28&#8243; gal_title=&#8221;Niedziela Palmowa &#8211; 2018&#8243;]<\/p>\n","protected":false},"excerpt":{"rendered":"<p>Zapraszam do przegl\u0105dania zdj\u0119\u0107 w procesji wok\u00f3\u0142 ko\u015bcio\u0142a kolejowego oraz do obejrzenia FILMU.\u00a0 Wi\u0119cej zdj\u0119\u0107 w galerii i na parafialnym profilu FACEBOOK. [Best_Wordpress_Gallery id=&#8221;28&#8243; gal_title=&#8221;Niedziela Palmowa &#8211; 2018&#8243;]<\/p>\n","protected":false},"author":1,"featured_media":533,"comment_status":"closed","ping_status":"open","sticky":false,"template":"","format":"standard","meta":[],"categories":[3],"tags":[],"_links":{"self":[{"href":"https:\/\/parafiawegliniec.pl\/index.php?rest_route=\/wp\/v2\/posts\/531"}],"collection":[{"href":"https:\/\/parafiawegliniec.pl\/index.php?rest_route=\/wp\/v2\/posts"}],"about":[{"href":"https:\/\/parafiawegliniec.pl\/index.php?rest_route=\/wp\/v2\/types\/post"}],"author":[{"embeddable":true,"href":"https:\/\/parafiawegliniec.pl\/index.php?rest_route=\/wp\/v2\/users\/1"}],"replies":[{"embeddable":true,"href":"https:\/\/parafiawegliniec.pl\/index.php?rest_route=%2Fwp%2Fv2%2Fcomments&post=531"}],"version-history":[{"count":2,"href":"https:\/\/parafiawegliniec.pl\/index.php?rest_route=\/wp\/v2\/posts\/531\/revisions"}],"predecessor-version":[{"id":534,"href":"https:\/\/parafiawegliniec.pl\/index.php?rest_route=\/wp\/v2\/posts\/531\/revisions\/534"}],"wp:featuredmedia":[{"embeddable":true,"href":"https:\/\/parafiawegliniec.pl\/index.php?rest_route=\/wp\/v2\/media\/533"}],"wp:attachment":[{"href":"https:\/\/parafiawegliniec.pl\/index.php?rest_route=%2Fwp%2Fv2%2Fmedia&parent=531"}],"wp:term":[{"taxonomy":"category","embeddable":true,"href":"https:\/\/parafiawegliniec.pl\/index.php?rest_route=%2Fwp%2Fv2%2Fcategories&post=531"},{"taxonomy":"post_tag","embeddable":true,"href":"https:\/\/parafiawegliniec.pl\/index.php?rest_route=%2Fwp%2Fv2%2Ftags&post=531"}],"curies":[{"name":"wp","href":"https:\/\/api.w.org\/{rel}","templated":true}]}}