{"id":590,"date":"2018-06-19T15:20:42","date_gmt":"2018-06-19T15:20:42","guid":{"rendered":"http:\/\/parafiawegliniec.pl\/?p=590"},"modified":"2018-06-19T15:20:42","modified_gmt":"2018-06-19T15:20:42","slug":"zakonczenie-roku-szkolnego","status":"publish","type":"post","link":"https:\/\/parafiawegliniec.pl\/?p=590","title":{"rendered":"Zako\u0144czenie roku szkolnego"},"content":{"rendered":"<p style=\"text-align: justify;\">\u00a0Zapraszam w czwartek na godz.8.30 wszystkie dzieci, m\u0142odzie\u017c, rodzic\u00f3w i nauczycieli na Msz\u0119 \u015bw. dzi\u0119kczynn\u0105 na zako\u0144czenie Roku Szkolnego i Katechetycznego. Spowied\u017a \u015bw. dla dzieci i m\u0142odzie\u017cy we wtorek od godz.16.30 \u2013 17.30.<\/p>\n","protected":false},"excerpt":{"rendered":"<p>\u00a0Zapraszam w czwartek na godz.8.30 wszystkie dzieci, m\u0142odzie\u017c, rodzic\u00f3w i nauczycieli na Msz\u0119 \u015bw. dzi\u0119kczynn\u0105 na zako\u0144czenie Roku Szkolnego i Katechetycznego. Spowied\u017a \u015bw. dla dzieci i m\u0142odzie\u017cy we wtorek od godz.16.30 \u2013 17.30.<\/p>\n","protected":false},"author":1,"featured_media":591,"comment_status":"closed","ping_status":"open","sticky":false,"template":"","format":"standard","meta":[],"categories":[3],"tags":[],"_links":{"self":[{"href":"https:\/\/parafiawegliniec.pl\/index.php?rest_route=\/wp\/v2\/posts\/590"}],"collection":[{"href":"https:\/\/parafiawegliniec.pl\/index.php?rest_route=\/wp\/v2\/posts"}],"about":[{"href":"https:\/\/parafiawegliniec.pl\/index.php?rest_route=\/wp\/v2\/types\/post"}],"author":[{"embeddable":true,"href":"https:\/\/parafiawegliniec.pl\/index.php?rest_route=\/wp\/v2\/users\/1"}],"replies":[{"embeddable":true,"href":"https:\/\/parafiawegliniec.pl\/index.php?rest_route=%2Fwp%2Fv2%2Fcomments&post=590"}],"version-history":[{"count":1,"href":"https:\/\/parafiawegliniec.pl\/index.php?rest_route=\/wp\/v2\/posts\/590\/revisions"}],"predecessor-version":[{"id":592,"href":"https:\/\/parafiawegliniec.pl\/index.php?rest_route=\/wp\/v2\/posts\/590\/revisions\/592"}],"wp:featuredmedia":[{"embeddable":true,"href":"https:\/\/parafiawegliniec.pl\/index.php?rest_route=\/wp\/v2\/media\/591"}],"wp:attachment":[{"href":"https:\/\/parafiawegliniec.pl\/index.php?rest_route=%2Fwp%2Fv2%2Fmedia&parent=590"}],"wp:term":[{"taxonomy":"category","embeddable":true,"href":"https:\/\/parafiawegliniec.pl\/index.php?rest_route=%2Fwp%2Fv2%2Fcategories&post=590"},{"taxonomy":"post_tag","embeddable":true,"href":"https:\/\/parafiawegliniec.pl\/index.php?rest_route=%2Fwp%2Fv2%2Ftags&post=590"}],"curies":[{"name":"wp","href":"https:\/\/api.w.org\/{rel}","templated":true}]}}