{"id":655,"date":"2018-10-29T13:03:39","date_gmt":"2018-10-29T13:03:39","guid":{"rendered":"http:\/\/parafiawegliniec.pl\/?p=655"},"modified":"2018-10-29T13:03:39","modified_gmt":"2018-10-29T13:03:39","slug":"wszystkich-swietych-2","status":"publish","type":"post","link":"https:\/\/parafiawegliniec.pl\/?p=655","title":{"rendered":"Wszystkich \u015awi\u0119tych"},"content":{"rendered":"<p style=\"text-align: justify;\">W\u00a0czwartek\u00a0\u2013\u00a0<strong>1 listopada uroczysto\u015b\u0107 Wszystkich \u015awi\u0119tych<\/strong>. Msze \u015bw. o godz. 8.00, 10.00 w ko\u015bciele kolejowym oraz o 13.00 na cmentarzu komunalnym. Ofiary sk\u0142adane w tym dniu przeznaczone s\u0105 na Seminarium Duchowne w Legnicy.<\/p>\n<p style=\"text-align: justify;\">W\u00a0pi\u0105tek &#8211; 2 listopada\u00a0o godz.15.30 \u2013 na cmentarzu komunalnym modlitwa r\u00f3\u017ca\u0144cowa w intencji wszystkich zmar\u0142ych Parafian.<\/p>\n","protected":false},"excerpt":{"rendered":"<p>W\u00a0czwartek\u00a0\u2013\u00a01 listopada uroczysto\u015b\u0107 Wszystkich \u015awi\u0119tych. Msze \u015bw. o godz. 8.00, 10.00 w ko\u015bciele kolejowym oraz o 13.00 na cmentarzu komunalnym. Ofiary sk\u0142adane w tym dniu przeznaczone s\u0105 na Seminarium Duchowne w Legnicy. W\u00a0pi\u0105tek &#8211; 2 listopada\u00a0o godz.15.30 \u2013 na cmentarzu komunalnym modlitwa r\u00f3\u017ca\u0144cowa w intencji wszystkich zmar\u0142ych Parafian.<\/p>\n","protected":false},"author":1,"featured_media":419,"comment_status":"closed","ping_status":"open","sticky":false,"template":"","format":"standard","meta":[],"categories":[3],"tags":[],"_links":{"self":[{"href":"https:\/\/parafiawegliniec.pl\/index.php?rest_route=\/wp\/v2\/posts\/655"}],"collection":[{"href":"https:\/\/parafiawegliniec.pl\/index.php?rest_route=\/wp\/v2\/posts"}],"about":[{"href":"https:\/\/parafiawegliniec.pl\/index.php?rest_route=\/wp\/v2\/types\/post"}],"author":[{"embeddable":true,"href":"https:\/\/parafiawegliniec.pl\/index.php?rest_route=\/wp\/v2\/users\/1"}],"replies":[{"embeddable":true,"href":"https:\/\/parafiawegliniec.pl\/index.php?rest_route=%2Fwp%2Fv2%2Fcomments&post=655"}],"version-history":[{"count":1,"href":"https:\/\/parafiawegliniec.pl\/index.php?rest_route=\/wp\/v2\/posts\/655\/revisions"}],"predecessor-version":[{"id":656,"href":"https:\/\/parafiawegliniec.pl\/index.php?rest_route=\/wp\/v2\/posts\/655\/revisions\/656"}],"wp:featuredmedia":[{"embeddable":true,"href":"https:\/\/parafiawegliniec.pl\/index.php?rest_route=\/wp\/v2\/media\/419"}],"wp:attachment":[{"href":"https:\/\/parafiawegliniec.pl\/index.php?rest_route=%2Fwp%2Fv2%2Fmedia&parent=655"}],"wp:term":[{"taxonomy":"category","embeddable":true,"href":"https:\/\/parafiawegliniec.pl\/index.php?rest_route=%2Fwp%2Fv2%2Fcategories&post=655"},{"taxonomy":"post_tag","embeddable":true,"href":"https:\/\/parafiawegliniec.pl\/index.php?rest_route=%2Fwp%2Fv2%2Ftags&post=655"}],"curies":[{"name":"wp","href":"https:\/\/api.w.org\/{rel}","templated":true}]}}