{"id":662,"date":"2018-11-04T19:02:28","date_gmt":"2018-11-04T19:02:28","guid":{"rendered":"http:\/\/parafiawegliniec.pl\/?p=662"},"modified":"2018-11-04T19:05:32","modified_gmt":"2018-11-04T19:05:32","slug":"100-lecie-odzyskania-niepodleglosci","status":"publish","type":"post","link":"https:\/\/parafiawegliniec.pl\/?p=662","title":{"rendered":"100-lecie Odzyskania Niepodleg\u0142o\u015bci"},"content":{"rendered":"<p style=\"text-align: justify;\">Zapraszam na uroczyst\u0105 Msz\u0119 \u015bw. z okazji 100-lecia Odzyskania Niepodleg\u0142o\u015bci &#8211; 11 listopada, o godzinie 13.30 do ko\u015bcio\u0142a kolejowego.<\/p>\n","protected":false},"excerpt":{"rendered":"<p>Zapraszam na uroczyst\u0105 Msz\u0119 \u015bw. z okazji 100-lecia Odzyskania Niepodleg\u0142o\u015bci &#8211; 11 listopada, o godzinie 13.30 do ko\u015bcio\u0142a kolejowego.<\/p>\n","protected":false},"author":1,"featured_media":663,"comment_status":"closed","ping_status":"open","sticky":false,"template":"","format":"standard","meta":[],"categories":[3],"tags":[],"_links":{"self":[{"href":"https:\/\/parafiawegliniec.pl\/index.php?rest_route=\/wp\/v2\/posts\/662"}],"collection":[{"href":"https:\/\/parafiawegliniec.pl\/index.php?rest_route=\/wp\/v2\/posts"}],"about":[{"href":"https:\/\/parafiawegliniec.pl\/index.php?rest_route=\/wp\/v2\/types\/post"}],"author":[{"embeddable":true,"href":"https:\/\/parafiawegliniec.pl\/index.php?rest_route=\/wp\/v2\/users\/1"}],"replies":[{"embeddable":true,"href":"https:\/\/parafiawegliniec.pl\/index.php?rest_route=%2Fwp%2Fv2%2Fcomments&post=662"}],"version-history":[{"count":3,"href":"https:\/\/parafiawegliniec.pl\/index.php?rest_route=\/wp\/v2\/posts\/662\/revisions"}],"predecessor-version":[{"id":666,"href":"https:\/\/parafiawegliniec.pl\/index.php?rest_route=\/wp\/v2\/posts\/662\/revisions\/666"}],"wp:featuredmedia":[{"embeddable":true,"href":"https:\/\/parafiawegliniec.pl\/index.php?rest_route=\/wp\/v2\/media\/663"}],"wp:attachment":[{"href":"https:\/\/parafiawegliniec.pl\/index.php?rest_route=%2Fwp%2Fv2%2Fmedia&parent=662"}],"wp:term":[{"taxonomy":"category","embeddable":true,"href":"https:\/\/parafiawegliniec.pl\/index.php?rest_route=%2Fwp%2Fv2%2Fcategories&post=662"},{"taxonomy":"post_tag","embeddable":true,"href":"https:\/\/parafiawegliniec.pl\/index.php?rest_route=%2Fwp%2Fv2%2Ftags&post=662"}],"curies":[{"name":"wp","href":"https:\/\/api.w.org\/{rel}","templated":true}]}}