{"id":669,"date":"2018-11-29T12:37:05","date_gmt":"2018-11-29T12:37:05","guid":{"rendered":"http:\/\/parafiawegliniec.pl\/?p=669"},"modified":"2018-12-05T17:43:13","modified_gmt":"2018-12-05T17:43:13","slug":"adwent","status":"publish","type":"post","link":"https:\/\/parafiawegliniec.pl\/?p=669","title":{"rendered":"Adwent"},"content":{"rendered":"<p style=\"text-align: justify;\">Bardzo serdecznie zapraszam wszystkich Parafian (a zw\u0142aszcza dzieci i m\u0142odzie\u017c) w przygotowaniu modlitewnym do \u015awi\u0105t Bo\u017cego Narodzenia. Szczeg\u00f3lnie zach\u0119cam do udzia\u0142u w Roratach o godz.17.00 (dzieci z lampionami). Spowied\u017a przed \u015bwi\u0119tami zaplanowana jest w sobot\u0119 \u2013 22 grudnia.<\/p>\n","protected":false},"excerpt":{"rendered":"<p>Bardzo serdecznie zapraszam wszystkich Parafian (a zw\u0142aszcza dzieci i m\u0142odzie\u017c) w przygotowaniu modlitewnym do \u015awi\u0105t Bo\u017cego Narodzenia. Szczeg\u00f3lnie zach\u0119cam do udzia\u0142u w Roratach o godz.17.00 (dzieci z lampionami). Spowied\u017a przed \u015bwi\u0119tami zaplanowana jest w sobot\u0119 \u2013 22 grudnia.<\/p>\n","protected":false},"author":1,"featured_media":437,"comment_status":"closed","ping_status":"open","sticky":false,"template":"","format":"standard","meta":[],"categories":[3],"tags":[],"_links":{"self":[{"href":"https:\/\/parafiawegliniec.pl\/index.php?rest_route=\/wp\/v2\/posts\/669"}],"collection":[{"href":"https:\/\/parafiawegliniec.pl\/index.php?rest_route=\/wp\/v2\/posts"}],"about":[{"href":"https:\/\/parafiawegliniec.pl\/index.php?rest_route=\/wp\/v2\/types\/post"}],"author":[{"embeddable":true,"href":"https:\/\/parafiawegliniec.pl\/index.php?rest_route=\/wp\/v2\/users\/1"}],"replies":[{"embeddable":true,"href":"https:\/\/parafiawegliniec.pl\/index.php?rest_route=%2Fwp%2Fv2%2Fcomments&post=669"}],"version-history":[{"count":2,"href":"https:\/\/parafiawegliniec.pl\/index.php?rest_route=\/wp\/v2\/posts\/669\/revisions"}],"predecessor-version":[{"id":673,"href":"https:\/\/parafiawegliniec.pl\/index.php?rest_route=\/wp\/v2\/posts\/669\/revisions\/673"}],"wp:featuredmedia":[{"embeddable":true,"href":"https:\/\/parafiawegliniec.pl\/index.php?rest_route=\/wp\/v2\/media\/437"}],"wp:attachment":[{"href":"https:\/\/parafiawegliniec.pl\/index.php?rest_route=%2Fwp%2Fv2%2Fmedia&parent=669"}],"wp:term":[{"taxonomy":"category","embeddable":true,"href":"https:\/\/parafiawegliniec.pl\/index.php?rest_route=%2Fwp%2Fv2%2Fcategories&post=669"},{"taxonomy":"post_tag","embeddable":true,"href":"https:\/\/parafiawegliniec.pl\/index.php?rest_route=%2Fwp%2Fv2%2Ftags&post=669"}],"curies":[{"name":"wp","href":"https:\/\/api.w.org\/{rel}","templated":true}]}}