{"id":783,"date":"2019-03-22T15:49:38","date_gmt":"2019-03-22T15:49:38","guid":{"rendered":"http:\/\/parafiawegliniec.pl\/?p=783"},"modified":"2019-03-25T19:54:25","modified_gmt":"2019-03-25T19:54:25","slug":"rekolekcje-wielkopostne-2019","status":"publish","type":"post","link":"https:\/\/parafiawegliniec.pl\/?p=783","title":{"rendered":"Rekolekcje wielkopostne 2019"},"content":{"rendered":"\n<p><strong>Od przysz\u0142ej Niedzieli w naszej Parafii rozpoczn\u0105 si\u0119 rekolekcje wielkopostne.<\/strong> Rekolekcje b\u0119dzie g\u0142osi\u0142 ks. Miros\u0142aw Grabowski. Spowied\u017a \u015bw. zaplanowana jest w sobot\u0119 13 kwietnia br. ( przed Niedziel\u0105 Palmow\u0105 ).<\/p>\n\n\n\n<p><strong>Poniedzia\u0142ek \u2013 25 marzec<br><\/strong> Godz.8.30  Nauka dla dzieci \u2013 klasy I\u2013 IV<br> Godz.9. 15 Nauka dla dzieci \u2013 klasy V \u2013 VII.          <br> Godz.10.30  Msza \u015bw. z nauk\u0105 dla starszych.<br> Godz.12.00  Nauka \u2013 klasy VIII i Gimnazjum.<br> Godz.18.00  Msza \u015bw. z nauk\u0105 dla starszych.<\/p>\n\n\n\n<p><strong>Wtorek \u2013 26 marzec<br><\/strong> Godz.8.30  Nauka dla dzieci \u2013 klasy I \u2013 IV<br> Godz.9.15  Msza \u015bw. z nauk\u0105 \u2013 klasy V \u2013 VII.<br> Godz.10.30 Msza \u015bw. z nauk\u0105 dla starszych.<br> Godz.12.00  Msza \u015bw. z nauk\u0105 dla klas VIII i Gimn.<br> Godz.18.00 Msza \u015bw. z nauk\u0105 dla starszych.<\/p>\n\n\n\n<p><strong>Sobota \u2013 13 kwiecie\u0144<br><\/strong> Spowied\u017a \u015bw. w ko\u015bciele \u201ekolejowym\u201d:<br> Godz.9.00 \u2013 10.00<br> Godz.15.30 \u2013 17.00<\/p>\n","protected":false},"excerpt":{"rendered":"<p>Od przysz\u0142ej Niedzieli w naszej Parafii rozpoczn\u0105 si\u0119 rekolekcje wielkopostne. Rekolekcje b\u0119dzie g\u0142osi\u0142 ks. Miros\u0142aw Grabowski. Spowied\u017a \u015bw. zaplanowana jest w sobot\u0119 13 kwietnia br. ( przed Niedziel\u0105 Palmow\u0105 ). Poniedzia\u0142ek \u2013 25 marzec Godz.8.30 Nauka dla dzieci \u2013 klasy I\u2013 IV Godz.9. 15 Nauka dla dzieci \u2013 klasy V \u2013 VII. Godz.10.30 Msza \u015bw. [&hellip;]<\/p>\n","protected":false},"author":1,"featured_media":255,"comment_status":"closed","ping_status":"open","sticky":false,"template":"","format":"standard","meta":[],"categories":[1],"tags":[],"_links":{"self":[{"href":"https:\/\/parafiawegliniec.pl\/index.php?rest_route=\/wp\/v2\/posts\/783"}],"collection":[{"href":"https:\/\/parafiawegliniec.pl\/index.php?rest_route=\/wp\/v2\/posts"}],"about":[{"href":"https:\/\/parafiawegliniec.pl\/index.php?rest_route=\/wp\/v2\/types\/post"}],"author":[{"embeddable":true,"href":"https:\/\/parafiawegliniec.pl\/index.php?rest_route=\/wp\/v2\/users\/1"}],"replies":[{"embeddable":true,"href":"https:\/\/parafiawegliniec.pl\/index.php?rest_route=%2Fwp%2Fv2%2Fcomments&post=783"}],"version-history":[{"count":4,"href":"https:\/\/parafiawegliniec.pl\/index.php?rest_route=\/wp\/v2\/posts\/783\/revisions"}],"predecessor-version":[{"id":787,"href":"https:\/\/parafiawegliniec.pl\/index.php?rest_route=\/wp\/v2\/posts\/783\/revisions\/787"}],"wp:featuredmedia":[{"embeddable":true,"href":"https:\/\/parafiawegliniec.pl\/index.php?rest_route=\/wp\/v2\/media\/255"}],"wp:attachment":[{"href":"https:\/\/parafiawegliniec.pl\/index.php?rest_route=%2Fwp%2Fv2%2Fmedia&parent=783"}],"wp:term":[{"taxonomy":"category","embeddable":true,"href":"https:\/\/parafiawegliniec.pl\/index.php?rest_route=%2Fwp%2Fv2%2Fcategories&post=783"},{"taxonomy":"post_tag","embeddable":true,"href":"https:\/\/parafiawegliniec.pl\/index.php?rest_route=%2Fwp%2Fv2%2Ftags&post=783"}],"curies":[{"name":"wp","href":"https:\/\/api.w.org\/{rel}","templated":true}]}}