{"id":791,"date":"2019-04-01T11:37:24","date_gmt":"2019-04-01T11:37:24","guid":{"rendered":"http:\/\/parafiawegliniec.pl\/?p=791"},"modified":"2019-04-09T06:46:19","modified_gmt":"2019-04-09T06:46:19","slug":"14-rocznica-odejscia-do-domu-ojca-sw-jana-pawla-ii","status":"publish","type":"post","link":"https:\/\/parafiawegliniec.pl\/?p=791","title":{"rendered":"14 rocznica odej\u015bcia do Domu Ojca \u015bw. Jana Paw\u0142a II (+galeria)"},"content":{"rendered":"\n<p><strong>We wtorek przypada 14 rocznica odej\u015bcia do Domu Ojca \u015bw. Jana Paw\u0142a II. W imieniu w\u0142asnym oraz Burmistrza Miasta i Gminy W\u0119gliniec serdecznie zapraszamy wszystkich Parafian i mieszka\u0144c\u00f3w do wzi\u0119cia udzia\u0142u w kolejnej rocznicy \u015bmierci \u015bw. Papie\u017ca. <\/strong><\/p>\n\n\n\n<p>Uroczysto\u015bci rozpoczn\u0105 si\u0119&nbsp;&nbsp;&nbsp;&nbsp;&nbsp;w ko\u015bciele \u201ekolejowym\u201d o godz.20.00 z udzia\u0142em scholi muzycznej z Piasecznej&nbsp; oraz wyst\u0119pu zespo\u0142u \u201eLaudate Deo\u201d z Wroc\u0142awia. <\/p>\n\n\n\n<p>Po rozpocz\u0119ciu uroczysto\u015bci\u00a0 w ko\u015bciele przejdziemy\u00a0 w pochodzie modlitewnym\u00a0 do figury \u015bw. Jana Paw\u0142a II\u00a0 w parku miejskim im. Ks. Pra\u0142ata Bronis\u0142awa Ma\u015blanki, gdzie zako\u0144czymy uroczysto\u015bci modlitw\u0105, wsp\u00f3lnym \u015bpiewem z zespo\u0142em muzycznym oraz z\u0142o\u017ceniem kwiat\u00f3w i zapaleniem zniczy.<\/p>\n\n\n\n<p><strong>Galeria: 14. rocznica \u015bmierci Jana Paw\u0142a II <\/strong><\/p>\n\n\n\n<p>[Best_Wordpress_Gallery id=&#8221;74&#8243; gal_title=&#8221;14. rocznica \u015bmierci Jana Paw\u0142a II&#8221;]<\/p>\n","protected":false},"excerpt":{"rendered":"<p>We wtorek przypada 14 rocznica odej\u015bcia do Domu Ojca \u015bw. Jana Paw\u0142a II. W imieniu w\u0142asnym oraz Burmistrza Miasta i Gminy W\u0119gliniec serdecznie zapraszamy wszystkich Parafian i mieszka\u0144c\u00f3w do wzi\u0119cia udzia\u0142u w kolejnej rocznicy \u015bmierci \u015bw. Papie\u017ca. Uroczysto\u015bci rozpoczn\u0105 si\u0119&nbsp;&nbsp;&nbsp;&nbsp;&nbsp;w ko\u015bciele \u201ekolejowym\u201d o godz.20.00 z udzia\u0142em scholi muzycznej z Piasecznej&nbsp; oraz wyst\u0119pu zespo\u0142u \u201eLaudate Deo\u201d [&hellip;]<\/p>\n","protected":false},"author":1,"featured_media":792,"comment_status":"closed","ping_status":"open","sticky":false,"template":"","format":"standard","meta":[],"categories":[1],"tags":[],"_links":{"self":[{"href":"https:\/\/parafiawegliniec.pl\/index.php?rest_route=\/wp\/v2\/posts\/791"}],"collection":[{"href":"https:\/\/parafiawegliniec.pl\/index.php?rest_route=\/wp\/v2\/posts"}],"about":[{"href":"https:\/\/parafiawegliniec.pl\/index.php?rest_route=\/wp\/v2\/types\/post"}],"author":[{"embeddable":true,"href":"https:\/\/parafiawegliniec.pl\/index.php?rest_route=\/wp\/v2\/users\/1"}],"replies":[{"embeddable":true,"href":"https:\/\/parafiawegliniec.pl\/index.php?rest_route=%2Fwp%2Fv2%2Fcomments&post=791"}],"version-history":[{"count":3,"href":"https:\/\/parafiawegliniec.pl\/index.php?rest_route=\/wp\/v2\/posts\/791\/revisions"}],"predecessor-version":[{"id":807,"href":"https:\/\/parafiawegliniec.pl\/index.php?rest_route=\/wp\/v2\/posts\/791\/revisions\/807"}],"wp:featuredmedia":[{"embeddable":true,"href":"https:\/\/parafiawegliniec.pl\/index.php?rest_route=\/wp\/v2\/media\/792"}],"wp:attachment":[{"href":"https:\/\/parafiawegliniec.pl\/index.php?rest_route=%2Fwp%2Fv2%2Fmedia&parent=791"}],"wp:term":[{"taxonomy":"category","embeddable":true,"href":"https:\/\/parafiawegliniec.pl\/index.php?rest_route=%2Fwp%2Fv2%2Fcategories&post=791"},{"taxonomy":"post_tag","embeddable":true,"href":"https:\/\/parafiawegliniec.pl\/index.php?rest_route=%2Fwp%2Fv2%2Ftags&post=791"}],"curies":[{"name":"wp","href":"https:\/\/api.w.org\/{rel}","templated":true}]}}