{"id":845,"date":"2019-06-17T18:50:32","date_gmt":"2019-06-17T18:50:32","guid":{"rendered":"http:\/\/parafiawegliniec.pl\/?p=845"},"modified":"2019-06-20T20:44:33","modified_gmt":"2019-06-20T20:44:33","slug":"boze-cialo-3","status":"publish","type":"post","link":"https:\/\/parafiawegliniec.pl\/?p=845","title":{"rendered":"Bo\u017ce Cia\u0142o 2019 (+galeria)"},"content":{"rendered":"\n<p><strong>W czwartek b\u0119dziemy prze\u017cywa\u0107 uroczysto\u015b\u0107 Naj\u015bwi\u0119tszego Cia\u0142a i Krwi Chrystusa- Bo\u017ce Cia\u0142o<\/strong>. Msze \u015bw. b\u0119d\u0105 odprawiane o godz.8.00,&nbsp;<strong>10.00 &#8211; z procesj\u0105 z ko\u015bcio\u0142a kolejowego do 4 o\u0142tarzy<\/strong>&nbsp;oraz o godzinie 18.00.<\/p>\n\n\n\n<p>Prosimy naszych Parafian o dekoracj\u0119 dom\u00f3w, okien wizerunkami religijnymi szczeg\u00f3lnie na trasie procesji, kt\u00f3ra b\u0119dzie w tym roku prowadzi\u0142a z ko\u015bcio\u0142a &#8222;kolejowego&#8221; ulicami: Kolejowa, Sikorskiego, Wojska Polskiego, K. Wojty\u0142y do ko\u015bcio\u0142a parafialnego.&nbsp;<strong>Bardzo prosz\u0119 o przygotowanie 4 o\u0142tarzy<\/strong> (Kolejarze, Stra\u017cacy, R\u00f3\u017ce R\u00f3\u017ca\u0144cowe).<\/p>\n\n\n\n<p>[Best_Wordpress_Gallery id=&#8221;83&#8243; gal_title=&#8221;Bo\u017ce Cia\u0142o 2019&#8243;]<\/p>\n\n\n\n<p> <\/p>\n","protected":false},"excerpt":{"rendered":"<p>W czwartek b\u0119dziemy prze\u017cywa\u0107 uroczysto\u015b\u0107 Naj\u015bwi\u0119tszego Cia\u0142a i Krwi Chrystusa- Bo\u017ce Cia\u0142o. Msze \u015bw. b\u0119d\u0105 odprawiane o godz.8.00,&nbsp;10.00 &#8211; z procesj\u0105 z ko\u015bcio\u0142a kolejowego do 4 o\u0142tarzy&nbsp;oraz o godzinie 18.00. Prosimy naszych Parafian o dekoracj\u0119 dom\u00f3w, okien wizerunkami religijnymi szczeg\u00f3lnie na trasie procesji, kt\u00f3ra b\u0119dzie w tym roku prowadzi\u0142a z ko\u015bcio\u0142a &#8222;kolejowego&#8221; ulicami: Kolejowa, Sikorskiego, [&hellip;]<\/p>\n","protected":false},"author":1,"featured_media":856,"comment_status":"closed","ping_status":"open","sticky":false,"template":"","format":"standard","meta":[],"categories":[1],"tags":[],"_links":{"self":[{"href":"https:\/\/parafiawegliniec.pl\/index.php?rest_route=\/wp\/v2\/posts\/845"}],"collection":[{"href":"https:\/\/parafiawegliniec.pl\/index.php?rest_route=\/wp\/v2\/posts"}],"about":[{"href":"https:\/\/parafiawegliniec.pl\/index.php?rest_route=\/wp\/v2\/types\/post"}],"author":[{"embeddable":true,"href":"https:\/\/parafiawegliniec.pl\/index.php?rest_route=\/wp\/v2\/users\/1"}],"replies":[{"embeddable":true,"href":"https:\/\/parafiawegliniec.pl\/index.php?rest_route=%2Fwp%2Fv2%2Fcomments&post=845"}],"version-history":[{"count":4,"href":"https:\/\/parafiawegliniec.pl\/index.php?rest_route=\/wp\/v2\/posts\/845\/revisions"}],"predecessor-version":[{"id":857,"href":"https:\/\/parafiawegliniec.pl\/index.php?rest_route=\/wp\/v2\/posts\/845\/revisions\/857"}],"wp:featuredmedia":[{"embeddable":true,"href":"https:\/\/parafiawegliniec.pl\/index.php?rest_route=\/wp\/v2\/media\/856"}],"wp:attachment":[{"href":"https:\/\/parafiawegliniec.pl\/index.php?rest_route=%2Fwp%2Fv2%2Fmedia&parent=845"}],"wp:term":[{"taxonomy":"category","embeddable":true,"href":"https:\/\/parafiawegliniec.pl\/index.php?rest_route=%2Fwp%2Fv2%2Fcategories&post=845"},{"taxonomy":"post_tag","embeddable":true,"href":"https:\/\/parafiawegliniec.pl\/index.php?rest_route=%2Fwp%2Fv2%2Ftags&post=845"}],"curies":[{"name":"wp","href":"https:\/\/api.w.org\/{rel}","templated":true}]}}