{"id":861,"date":"2019-06-29T13:40:49","date_gmt":"2019-06-29T13:40:49","guid":{"rendered":"http:\/\/parafiawegliniec.pl\/?p=861"},"modified":"2019-09-02T14:37:29","modified_gmt":"2019-09-02T14:37:29","slug":"porzadek-mszy-po-remoncie","status":"publish","type":"post","link":"https:\/\/parafiawegliniec.pl\/?p=861","title":{"rendered":"Porz\u0105dek Mszy \u015bw. po remoncie"},"content":{"rendered":"\n<p>Od jutrzejszej Niedzieli \u2013 <strong>30 czerwca porz\u0105dek Mszy \u015bw. jak przed remontem ko\u015bcio\u0142a parafialnego<\/strong>; o godz.8.00 i 18.00 \u2013 w ko\u015bciele parafialnym; o godz.10.00 i godz.12.00 \u2013 w ko\u015bciele \u201ekolejowym\u201d.<\/p>\n","protected":false},"excerpt":{"rendered":"<p>Od jutrzejszej Niedzieli \u2013 30 czerwca porz\u0105dek Mszy \u015bw. jak przed remontem ko\u015bcio\u0142a parafialnego; o godz.8.00 i 18.00 \u2013 w ko\u015bciele parafialnym; o godz.10.00 i godz.12.00 \u2013 w ko\u015bciele \u201ekolejowym\u201d.<\/p>\n","protected":false},"author":1,"featured_media":212,"comment_status":"closed","ping_status":"open","sticky":false,"template":"","format":"standard","meta":[],"categories":[1],"tags":[],"_links":{"self":[{"href":"https:\/\/parafiawegliniec.pl\/index.php?rest_route=\/wp\/v2\/posts\/861"}],"collection":[{"href":"https:\/\/parafiawegliniec.pl\/index.php?rest_route=\/wp\/v2\/posts"}],"about":[{"href":"https:\/\/parafiawegliniec.pl\/index.php?rest_route=\/wp\/v2\/types\/post"}],"author":[{"embeddable":true,"href":"https:\/\/parafiawegliniec.pl\/index.php?rest_route=\/wp\/v2\/users\/1"}],"replies":[{"embeddable":true,"href":"https:\/\/parafiawegliniec.pl\/index.php?rest_route=%2Fwp%2Fv2%2Fcomments&post=861"}],"version-history":[{"count":2,"href":"https:\/\/parafiawegliniec.pl\/index.php?rest_route=\/wp\/v2\/posts\/861\/revisions"}],"predecessor-version":[{"id":863,"href":"https:\/\/parafiawegliniec.pl\/index.php?rest_route=\/wp\/v2\/posts\/861\/revisions\/863"}],"wp:featuredmedia":[{"embeddable":true,"href":"https:\/\/parafiawegliniec.pl\/index.php?rest_route=\/wp\/v2\/media\/212"}],"wp:attachment":[{"href":"https:\/\/parafiawegliniec.pl\/index.php?rest_route=%2Fwp%2Fv2%2Fmedia&parent=861"}],"wp:term":[{"taxonomy":"category","embeddable":true,"href":"https:\/\/parafiawegliniec.pl\/index.php?rest_route=%2Fwp%2Fv2%2Fcategories&post=861"},{"taxonomy":"post_tag","embeddable":true,"href":"https:\/\/parafiawegliniec.pl\/index.php?rest_route=%2Fwp%2Fv2%2Ftags&post=861"}],"curies":[{"name":"wp","href":"https:\/\/api.w.org\/{rel}","templated":true}]}}