{"id":930,"date":"2019-11-02T13:43:14","date_gmt":"2019-11-02T13:43:14","guid":{"rendered":"http:\/\/parafiawegliniec.pl\/?p=930"},"modified":"2019-11-11T08:07:43","modified_gmt":"2019-11-11T08:07:43","slug":"wypominki-kartka-do-pobrania-2","status":"publish","type":"post","link":"https:\/\/parafiawegliniec.pl\/?p=930","title":{"rendered":"Wypominki &#8211; plan modlitwy (+kartka do pobrania)"},"content":{"rendered":"\n<p><strong>Plan modlitwy za Wiernych Zmar\u0142ych \u2013 2019 r.<\/strong><\/p>\n\n\n\n<p><strong>Cz\u0119\u015b\u0107 II<\/strong> &#8211; godz. 16.00<\/p>\n\n\n\n<p> 11 listopad \u2013 poniedzia\u0142ek: ul. Wojska Polskiego, <\/p>\n\n\n\n<p> 12 listopad \u2013 wtorek: ul. Mickiewicza, ul. Partyzant\u00f3w, <\/p>\n\n\n\n<p> 13 listopad \u2013 \u015broda: ul. Ko\u015bciuszki, ul. Pi\u0142sudskiego i bez podanego adresu, <\/p>\n\n\n\n<p> 14 listopad \u2013 czwartek: ul. Wschodnia, ul. Kr\u00f3tka, ul. Skrajna, <\/p>\n\n\n\n<p> 15 listopad \u2013 pi\u0105tek: ul. Daszy\u0144skiego,ul. Kolejowa, <\/p>\n\n\n\n<p> 16 listopad \u2013 sobota: ul. Sportowa, ul. Le\u015bna. <\/p>\n\n\n\n<p> 18 listopad: poniedzia\u0142ek: ul. Kochanowskiego,<\/p>\n\n\n\n<p> 19 listopad: wtorek: ul. K. Wojty\u0142y,<\/p>\n\n\n\n<p> 20 listopad: \u015broda: ul. Sikorskiego,<\/p>\n\n\n\n<p> 21 listopad: czwartek: ul. Wojska Polskiego,<\/p>\n\n\n\n<p> 22 listopad: pi\u0105tek: ul. Mickiewicza, ul. Partyzant\u00f3w,<\/p>\n\n\n\n<p> 23 listopad: sobota: ul. Ko\u015bciuszki, ul. Pi\u0142sudskiego i bez podanego adresu.<\/p>\n\n\n\n<p>\u201eWieczny odpoczynek racz Im da\u0107 Panie!\u201d<\/p>\n\n\n\n<p><strong>Prosimy o zabranie do dom\u00f3w &#8222;kartek wypominkowych za Zmar\u0142ych&#8221; oraz o czytelne wype\u0142nienie imion i nazwisk zmar\u0142ych polecanych w modlitwie Ko\u015bcio\u0142a.<\/strong>&nbsp;Prosimy o zwr\u00f3cenie uwagi i wyra\u017ane rozr\u00f3\u017cnienie imion m\u0119skich lub \u017ce\u0144skich i podanie os\u00f3b zmar\u0142ych w pierwszej osobie liczbie pojedynczej np. m\u0119\u017cczy\u017ani: Jan, Henryk, kobiety: Stanis\u0142awa, J\u00f3zefa.<\/p>\n\n\n\n<p>W odno\u015bniku poni\u017cej znajduje si\u0119 kartka wypominkowa w wersji &#8222;do druku&#8221;.<\/p>\n\n\n\n<p><a href=\"http:\/\/gminnesprawy.home.pl\/parafia\/images\/stories\/wypominiki2013.pdf\" target=\"_blank\" rel=\"noreferrer noopener\"><strong>KARTKA WYPOMINKOWA (pdf)&nbsp;<\/strong>&#8211; kliknij aby pobra\u0107<\/a><\/p>\n","protected":false},"excerpt":{"rendered":"<p>Plan modlitwy za Wiernych Zmar\u0142ych \u2013 2019 r. Cz\u0119\u015b\u0107 II &#8211; godz. 16.00 11 listopad \u2013 poniedzia\u0142ek: ul. Wojska Polskiego, 12 listopad \u2013 wtorek: ul. Mickiewicza, ul. Partyzant\u00f3w, 13 listopad \u2013 \u015broda: ul. Ko\u015bciuszki, ul. Pi\u0142sudskiego i bez podanego adresu, 14 listopad \u2013 czwartek: ul. Wschodnia, ul. Kr\u00f3tka, ul. Skrajna, 15 listopad \u2013 pi\u0105tek: ul. [&hellip;]<\/p>\n","protected":false},"author":1,"featured_media":407,"comment_status":"closed","ping_status":"open","sticky":false,"template":"","format":"standard","meta":[],"categories":[1],"tags":[],"_links":{"self":[{"href":"https:\/\/parafiawegliniec.pl\/index.php?rest_route=\/wp\/v2\/posts\/930"}],"collection":[{"href":"https:\/\/parafiawegliniec.pl\/index.php?rest_route=\/wp\/v2\/posts"}],"about":[{"href":"https:\/\/parafiawegliniec.pl\/index.php?rest_route=\/wp\/v2\/types\/post"}],"author":[{"embeddable":true,"href":"https:\/\/parafiawegliniec.pl\/index.php?rest_route=\/wp\/v2\/users\/1"}],"replies":[{"embeddable":true,"href":"https:\/\/parafiawegliniec.pl\/index.php?rest_route=%2Fwp%2Fv2%2Fcomments&post=930"}],"version-history":[{"count":6,"href":"https:\/\/parafiawegliniec.pl\/index.php?rest_route=\/wp\/v2\/posts\/930\/revisions"}],"predecessor-version":[{"id":955,"href":"https:\/\/parafiawegliniec.pl\/index.php?rest_route=\/wp\/v2\/posts\/930\/revisions\/955"}],"wp:featuredmedia":[{"embeddable":true,"href":"https:\/\/parafiawegliniec.pl\/index.php?rest_route=\/wp\/v2\/media\/407"}],"wp:attachment":[{"href":"https:\/\/parafiawegliniec.pl\/index.php?rest_route=%2Fwp%2Fv2%2Fmedia&parent=930"}],"wp:term":[{"taxonomy":"category","embeddable":true,"href":"https:\/\/parafiawegliniec.pl\/index.php?rest_route=%2Fwp%2Fv2%2Fcategories&post=930"},{"taxonomy":"post_tag","embeddable":true,"href":"https:\/\/parafiawegliniec.pl\/index.php?rest_route=%2Fwp%2Fv2%2Ftags&post=930"}],"curies":[{"name":"wp","href":"https:\/\/api.w.org\/{rel}","templated":true}]}}