{"id":932,"date":"2019-10-30T09:58:26","date_gmt":"2019-10-30T09:58:26","guid":{"rendered":"http:\/\/parafiawegliniec.pl\/?p=932"},"modified":"2019-10-30T10:01:42","modified_gmt":"2019-10-30T10:01:42","slug":"wszystkich-swietych-3","status":"publish","type":"post","link":"https:\/\/parafiawegliniec.pl\/?p=932","title":{"rendered":"Wszystkich \u015awi\u0119tych"},"content":{"rendered":"\n<p>W\u00a0pi\u0105tek\u00a0\u2013\u00a0<strong>1 listopada uroczysto\u015b\u0107 Wszystkich \u015awi\u0119tych<\/strong>. Msze \u015bw. o godz. 8.00 (ko\u015bci\u00f3\u0142 parafialny), 10.00 (ko\u015bci\u00f3\u0142 kolejowy) oraz o 13.00 na cmentarzu komunalnym. Ofiary sk\u0142adane w tym dniu przeznaczone s\u0105 na Seminarium Duchowne w Legnicy.<\/p>\n\n\n\n<p>W&nbsp;sobot\u0119 \u2013 2 listopada&nbsp;o godz.15.30 \u2013 na cmentarzu\nkomunalnym modlitwa r\u00f3\u017ca\u0144cowa w intencji wszystkich zmar\u0142ych Parafian.<\/p>\n","protected":false},"excerpt":{"rendered":"<p>W\u00a0pi\u0105tek\u00a0\u2013\u00a01 listopada uroczysto\u015b\u0107 Wszystkich \u015awi\u0119tych. Msze \u015bw. o godz. 8.00 (ko\u015bci\u00f3\u0142 parafialny), 10.00 (ko\u015bci\u00f3\u0142 kolejowy) oraz o 13.00 na cmentarzu komunalnym. Ofiary sk\u0142adane w tym dniu przeznaczone s\u0105 na Seminarium Duchowne w Legnicy. W&nbsp;sobot\u0119 \u2013 2 listopada&nbsp;o godz.15.30 \u2013 na cmentarzu komunalnym modlitwa r\u00f3\u017ca\u0144cowa w intencji wszystkich zmar\u0142ych Parafian.<\/p>\n","protected":false},"author":1,"featured_media":419,"comment_status":"closed","ping_status":"open","sticky":false,"template":"","format":"standard","meta":[],"categories":[1],"tags":[],"_links":{"self":[{"href":"https:\/\/parafiawegliniec.pl\/index.php?rest_route=\/wp\/v2\/posts\/932"}],"collection":[{"href":"https:\/\/parafiawegliniec.pl\/index.php?rest_route=\/wp\/v2\/posts"}],"about":[{"href":"https:\/\/parafiawegliniec.pl\/index.php?rest_route=\/wp\/v2\/types\/post"}],"author":[{"embeddable":true,"href":"https:\/\/parafiawegliniec.pl\/index.php?rest_route=\/wp\/v2\/users\/1"}],"replies":[{"embeddable":true,"href":"https:\/\/parafiawegliniec.pl\/index.php?rest_route=%2Fwp%2Fv2%2Fcomments&post=932"}],"version-history":[{"count":3,"href":"https:\/\/parafiawegliniec.pl\/index.php?rest_route=\/wp\/v2\/posts\/932\/revisions"}],"predecessor-version":[{"id":936,"href":"https:\/\/parafiawegliniec.pl\/index.php?rest_route=\/wp\/v2\/posts\/932\/revisions\/936"}],"wp:featuredmedia":[{"embeddable":true,"href":"https:\/\/parafiawegliniec.pl\/index.php?rest_route=\/wp\/v2\/media\/419"}],"wp:attachment":[{"href":"https:\/\/parafiawegliniec.pl\/index.php?rest_route=%2Fwp%2Fv2%2Fmedia&parent=932"}],"wp:term":[{"taxonomy":"category","embeddable":true,"href":"https:\/\/parafiawegliniec.pl\/index.php?rest_route=%2Fwp%2Fv2%2Fcategories&post=932"},{"taxonomy":"post_tag","embeddable":true,"href":"https:\/\/parafiawegliniec.pl\/index.php?rest_route=%2Fwp%2Fv2%2Ftags&post=932"}],"curies":[{"name":"wp","href":"https:\/\/api.w.org\/{rel}","templated":true}]}}