{"id":949,"date":"2019-11-10T08:01:07","date_gmt":"2019-11-10T08:01:07","guid":{"rendered":"http:\/\/parafiawegliniec.pl\/?p=949"},"modified":"2019-11-11T08:08:07","modified_gmt":"2019-11-11T08:08:07","slug":"narodowe-swieto-niepodleglosci","status":"publish","type":"post","link":"https:\/\/parafiawegliniec.pl\/?p=949","title":{"rendered":"Narodowe \u015awi\u0119to Niepodleg\u0142o\u015bci"},"content":{"rendered":"\n<p>Serdecznie zapraszam wszystkich Parafian na uroczyst\u0105 Msz\u0119 \u015bw. kt\u00f3ra zostanie sprawowana w poniedzia\u0142ek 11 listopada o godz.12.00 w ko\u015bciele parafialnym \u2013 w intencji naszej Ojczyzny \u2013 101 rocznica odzyskania Niepodleg\u0142o\u015bci. <\/p>\n","protected":false},"excerpt":{"rendered":"<p>Serdecznie zapraszam wszystkich Parafian na uroczyst\u0105 Msz\u0119 \u015bw. kt\u00f3ra zostanie sprawowana w poniedzia\u0142ek 11 listopada o godz.12.00 w ko\u015bciele parafialnym \u2013 w intencji naszej Ojczyzny \u2013 101 rocznica odzyskania Niepodleg\u0142o\u015bci.<\/p>\n","protected":false},"author":1,"featured_media":948,"comment_status":"closed","ping_status":"open","sticky":false,"template":"","format":"standard","meta":[],"categories":[1],"tags":[],"_links":{"self":[{"href":"https:\/\/parafiawegliniec.pl\/index.php?rest_route=\/wp\/v2\/posts\/949"}],"collection":[{"href":"https:\/\/parafiawegliniec.pl\/index.php?rest_route=\/wp\/v2\/posts"}],"about":[{"href":"https:\/\/parafiawegliniec.pl\/index.php?rest_route=\/wp\/v2\/types\/post"}],"author":[{"embeddable":true,"href":"https:\/\/parafiawegliniec.pl\/index.php?rest_route=\/wp\/v2\/users\/1"}],"replies":[{"embeddable":true,"href":"https:\/\/parafiawegliniec.pl\/index.php?rest_route=%2Fwp%2Fv2%2Fcomments&post=949"}],"version-history":[{"count":1,"href":"https:\/\/parafiawegliniec.pl\/index.php?rest_route=\/wp\/v2\/posts\/949\/revisions"}],"predecessor-version":[{"id":950,"href":"https:\/\/parafiawegliniec.pl\/index.php?rest_route=\/wp\/v2\/posts\/949\/revisions\/950"}],"wp:featuredmedia":[{"embeddable":true,"href":"https:\/\/parafiawegliniec.pl\/index.php?rest_route=\/wp\/v2\/media\/948"}],"wp:attachment":[{"href":"https:\/\/parafiawegliniec.pl\/index.php?rest_route=%2Fwp%2Fv2%2Fmedia&parent=949"}],"wp:term":[{"taxonomy":"category","embeddable":true,"href":"https:\/\/parafiawegliniec.pl\/index.php?rest_route=%2Fwp%2Fv2%2Fcategories&post=949"},{"taxonomy":"post_tag","embeddable":true,"href":"https:\/\/parafiawegliniec.pl\/index.php?rest_route=%2Fwp%2Fv2%2Ftags&post=949"}],"curies":[{"name":"wp","href":"https:\/\/api.w.org\/{rel}","templated":true}]}}