{"id":958,"date":"2019-11-26T06:49:53","date_gmt":"2019-11-26T06:49:53","guid":{"rendered":"http:\/\/parafiawegliniec.pl\/?p=958"},"modified":"2019-12-04T07:05:02","modified_gmt":"2019-12-04T07:05:02","slug":"swieto-kolejarzy-2","status":"publish","type":"post","link":"https:\/\/parafiawegliniec.pl\/?p=958","title":{"rendered":"\u015awi\u0119to Kolejarzy 2019 (+foto)"},"content":{"rendered":"\n<p>Bardzo dzi\u0119kuj\u0119 wszystkim kolejarzom i ich rodzinom oraz wszystkim Parafianom za udzia\u0142 w \u015bwi\u0119cie Kolejarzy we wspomnienie \u015bw. Katarzyny Aleksandryjskiej. Sk\u0142adam serdeczne \u201eB\u00f3g zap\u0142a\u0107\u201d za z\u0142o\u017con\u0105 ofiar\u0119 na remont kaplicy na dworcu g\u0142\u00f3wnym we Wroc\u0142awiu.<\/p>\n\n\n\n<p>\u015awi\u0119to Kolejarzy 2019 &#8211; galeria:<\/p>\n\n\n\n<p>[Best_Wordpress_Gallery id=&#8221;85&#8243; gal_title=&#8221;\u015awi\u0119to Kolejarzy 2019&#8243;]<\/p>\n","protected":false},"excerpt":{"rendered":"<p>Bardzo dzi\u0119kuj\u0119 wszystkim kolejarzom i ich rodzinom oraz wszystkim Parafianom za udzia\u0142 w \u015bwi\u0119cie Kolejarzy we wspomnienie \u015bw. Katarzyny Aleksandryjskiej. Sk\u0142adam serdeczne \u201eB\u00f3g zap\u0142a\u0107\u201d za z\u0142o\u017con\u0105 ofiar\u0119 na remont kaplicy na dworcu g\u0142\u00f3wnym we Wroc\u0142awiu. \u015awi\u0119to Kolejarzy 2019 &#8211; galeria: [Best_Wordpress_Gallery id=&#8221;85&#8243; gal_title=&#8221;\u015awi\u0119to Kolejarzy 2019&#8243;]<\/p>\n","protected":false},"author":1,"featured_media":967,"comment_status":"closed","ping_status":"open","sticky":false,"template":"","format":"standard","meta":[],"categories":[1],"tags":[],"_links":{"self":[{"href":"https:\/\/parafiawegliniec.pl\/index.php?rest_route=\/wp\/v2\/posts\/958"}],"collection":[{"href":"https:\/\/parafiawegliniec.pl\/index.php?rest_route=\/wp\/v2\/posts"}],"about":[{"href":"https:\/\/parafiawegliniec.pl\/index.php?rest_route=\/wp\/v2\/types\/post"}],"author":[{"embeddable":true,"href":"https:\/\/parafiawegliniec.pl\/index.php?rest_route=\/wp\/v2\/users\/1"}],"replies":[{"embeddable":true,"href":"https:\/\/parafiawegliniec.pl\/index.php?rest_route=%2Fwp%2Fv2%2Fcomments&post=958"}],"version-history":[{"count":2,"href":"https:\/\/parafiawegliniec.pl\/index.php?rest_route=\/wp\/v2\/posts\/958\/revisions"}],"predecessor-version":[{"id":964,"href":"https:\/\/parafiawegliniec.pl\/index.php?rest_route=\/wp\/v2\/posts\/958\/revisions\/964"}],"wp:featuredmedia":[{"embeddable":true,"href":"https:\/\/parafiawegliniec.pl\/index.php?rest_route=\/wp\/v2\/media\/967"}],"wp:attachment":[{"href":"https:\/\/parafiawegliniec.pl\/index.php?rest_route=%2Fwp%2Fv2%2Fmedia&parent=958"}],"wp:term":[{"taxonomy":"category","embeddable":true,"href":"https:\/\/parafiawegliniec.pl\/index.php?rest_route=%2Fwp%2Fv2%2Fcategories&post=958"},{"taxonomy":"post_tag","embeddable":true,"href":"https:\/\/parafiawegliniec.pl\/index.php?rest_route=%2Fwp%2Fv2%2Ftags&post=958"}],"curies":[{"name":"wp","href":"https:\/\/api.w.org\/{rel}","templated":true}]}}